{"id":12531,"date":"2020-06-09T13:29:21","date_gmt":"2020-06-09T13:29:21","guid":{"rendered":"https:\/\/www.radiopresidenteibanez.cl\/web\/?p=12531"},"modified":"2020-06-09T13:29:25","modified_gmt":"2020-06-09T13:29:25","slug":"unidad-de-paciente-critico-atencion-humanizada-de-calidad-y-comprometida-para-los-mas-graves-de-magallanes","status":"publish","type":"post","link":"https:\/\/www.radiopresidenteibanez.cl\/web\/unidad-de-paciente-critico-atencion-humanizada-de-calidad-y-comprometida-para-los-mas-graves-de-magallanes\/","title":{"rendered":"UNIDAD DE PACIENTE CR\u00cdTICO: ATENCI\u00d3N HUMANIZADA, DE CALIDAD Y COMPROMETIDA PARA LOS M\u00c1S GRAVES DE MAGALLANES"},"content":{"rendered":"\n<p>Su\nestatus de centro referente no se gest\u00f3 con la llegada de la pandemia sino que\nse remonta 16 a\u00f1os atr\u00e1s con la conformaci\u00f3n oficial de la Unidad de Paciente\nCr\u00edtico en el a\u00f1o 2004. Un modelo de atenci\u00f3n progresivo que se gest\u00f3 bajo el\ndise\u00f1o del Ministerio de Salud y diversas sociedades cient\u00edficas para recibir\npacientes graves concentrados en un espacio com\u00fan y en donde personal cl\u00ednico\nposea las capacidades y competencias necesarias para dar respuesta a la&nbsp; gravedad de los casos en Magallanes.<\/p>\n\n\n\n<p>&nbsp;A trav\u00e9s de un trabajo conjunto entre el\nMinisterio de Salud, el Gobierno Regional y HCM se pudo fortalecer y robustecer\nesta unidad que previo a la pandemia covid-19 , hab\u00eda disminuido\nconsiderablemente los traslados a la capital ya que se resolv\u00edan en su mayor\u00eda\ntodos las atenciones graves,&nbsp; \u201csolo cosas\npuntuales se tienen que referir a Santiago, como los&nbsp; gran quemados por ser GES y tienen centro de\nreferencia nacional y el aneurisma que tenga que hacerse procedimiento\nendovascular\u201d, se\u00f1al\u00f3 la enfermera supervisora de la UPC, Marcia Ureta. <\/p>\n\n\n\n<p>Desde\nque se inici\u00f3 la pandemia el equipo cl\u00ednico de esta unidad tuvo que hacer un\nreformateo completo de su sistema de atenci\u00f3n. Hubo un aumento de camas UCI lo\nque gener\u00f3 un intenso trabajo de acomodar la unidad con ventiladores,\nmonitores, equipamiento y el ajuste del recurso humano. \u201cFue un trabajo\nextenuante&nbsp; del cual me siento muy\norgullosa del equipo que&nbsp; ha dado\nrespuesta con una actitud activa hacia este desaf\u00edo,&nbsp; sacrificando muchas cosas, han dejado familias,\nhay una&nbsp; carga emocional que conlleva el\ncuidado de los pacientes covid-19 ya que llegan solos y con temor\u201d. <\/p>\n\n\n\n<p>Previo\na la llegada del coronavirus a la regi\u00f3n, la UPC se caracterizaba por tener una\npol\u00edtica de comunicaci\u00f3n directa y presencial con cada una de las familias de\nlos hospitalizados. Exist\u00edan reportes m\u00e9dicos presenciales diariamente, la\nfamilia pod\u00eda visitar al enfermo y hacerse cargo de su cuidado e higiene, pod\u00eda\nacompa\u00f1arlo en sus \u00faltimos d\u00edas de vida, entre otras medidas que beneficiaban la\nrecuperaci\u00f3n del paciente y la tranquilidad de sus familias. \u201cLa gente&nbsp; a veces cree que cuando escucha UCI, es un\nlugar donde uno se va a morir, donde hay pasillos helados y el personal es muy\nfr\u00edo.&nbsp; Hay que cambiar esa mirada\npues&nbsp; somos un personal que tiene\ncoraz\u00f3n, que atiende a sus pacientes comprometidos y que integra a su familia\npara su pronta recuperaci\u00f3n\u201d.<\/p>\n\n\n\n<p>Pero\ncon la llegada de la pandemia, esta unidad tuvo que ver la forma de c\u00f3mo\ncontinuar con la humanizaci\u00f3n en la atenci\u00f3n respetando las medidas\nrestrictivas para evitar la propagaci\u00f3n de los contagios. En ese sentido el Dr.\nAndr\u00e9s Prieto, m\u00e9dico intensivista de la UPC se\u00f1al\u00f3 que: \u201cLos dos primeros\nmeses mantuvimos cerrada la UCI&nbsp; a las\nfamilias por el peligro de contagio, implementamos las llamadas diarias para\nentregar el reporte m\u00e9dico y cuando los pacientes ya estaba conscientes se\ninici\u00f3 la videollamada para poder verse unos a otros, lo que sin duda ayuda a\nla recuperaci\u00f3n, y genera tranquilidad tanto para la familia como para el paciente.\nConsiderando que est\u00e1n mucho tiempo en la sin ver a ning\u00fan familiar verlos a\ntrav\u00e9s de videollamadas les baja mucho la andrenergia y el estado de angustia\nque presentan solo por el hecho de estar solos\u201d.<\/p>\n\n\n\n<p>Al\nrespecto la enfermera supervisora Marcia Ureta agrega que&nbsp; \u201cpara nosotros es impactante ver que un\npaciente se va a otra regi\u00f3n del pa\u00eds y por otro lado, cuando el paciente\nfallece, lo hace acompa\u00f1ado del equipo de salud y no de su familia. Ese tipo de\nsituaciones genera&nbsp; una carga emocional\nque hemos podido sobrellevar\u201d, recalca. Se ha desarrollado una humanizaci\u00f3n del\npersonal, el&nbsp; compromiso emocional es\nimportante y se derriba el mito de que el personal que convive diariamente con\nla muerte pierde la sensibilidad frente a ella. \u201cCada uno de nosotros&nbsp; sufre su duelo con cada paciente que\nfallece\u201d. <\/p>\n\n\n\n<p>En\nla Unidad de Paciente Cr\u00edtico HCM trabajan 24 personas por turno, durante la\ncrisis sanitaria este equipo ha sido aumentado exponencialmente llegando en los\nd\u00edas m\u00e1s cr\u00edticos del mes de abril a tener 35 personas trabajando en la unidad.\nSe ha debido protocolizar atenciones para trabajar con rigurosidad en el manejo\ndel paciente grave. \u201cAc\u00e1 es muy importante el ventilador mec\u00e1nico pero a ese\nventilador hay que agregar un soporte de equipo humano para que trabaje con\nello y eso no pueden estar separados. Un ventilador por s\u00ed solo no salva la\nvida de un paciente\u201d, agreg\u00f3 Marcia Ureta.<\/p>\n\n\n\n<p><strong>Modelo a seguir para el resto del\npa\u00eds<\/strong><\/p>\n\n\n\n<p>Fue\na finales de abril donde el mismo Ministro de Salud, Jaime Ma\u00f1alich mencion\u00f3 a\nPunta Arenas como ejemplo de afrontar y preparar la llegada de la crisis. As\u00ed\ntambi\u00e9n lo mencion\u00f3 la Sociedad de Medicina Intensiva (SOCHIMI) que destac\u00f3 la\norganizaci\u00f3n&nbsp; y gesti\u00f3n de HCM que en sus\nsemanas m\u00e1s cr\u00edticas,&nbsp; lleg\u00f3 a tener 21\nde 24 camas cr\u00edticas &nbsp;camas ocupadas.<\/p>\n\n\n\n<p>Con\nm\u00e1s calma despu\u00e9s de haber bajado considerablemente&nbsp; el n\u00famero de hospitalizaciones por\ncovid-19&nbsp; el Dr. Prieto se\u00f1ala que el\nequipo nunca se vio mermado por estar avasallado por la cantidad de gente con\ncoronavirus, \u201cSiempre estuvieron muy motivados. El estr\u00e9s se vio al inicio pero\nuna vez que se ingres\u00f3 al training de estar viendo permanentemente coronavirus\nel personal se adapt\u00f3 r\u00e1pidamente y jam\u00e1s bajaron los brazos (\u2026) Salimos\nexcelentemente bien con una&nbsp; muy baja\nmortalidad que es gracias a los cuidado del equipo de enfermer\u00eda, tens, auxiliares\nde servicio y todo el personal que compone la UPC\u201d. <\/p>\n\n\n\n<p>La\nDra. Manuela Brinkmann, especialista en Medicina de Urgencia (Urgenci\u00f3loga),\nquien trabaja&nbsp; en las unidades de\nEmergencia y Cuidados Intensivos del Hospital Cl\u00ednico de la Universidad de\nChile vino a HCM&nbsp; a colaborar a trav\u00e9s de\nun convenio SOCHIMI a la UPC HCM durante sus semanas m\u00e1s intensas.<\/p>\n\n\n\n<p>&nbsp;&nbsp;&nbsp;&nbsp;&nbsp;&nbsp;&nbsp;&nbsp;&nbsp;&nbsp;&nbsp;&nbsp;&nbsp; Al\nrespecto al facultativa se\u00f1ala que \u201cla labor que se ha realizado ha sido\nmagnifica. El equipo es de alto nivel, el trato que se le da al paciente, el\nesfuerzo que se le pone para que salgan adelante es incomparable (\u2026) Encontr\u00e9\nun equipo comprometido que ha trabajado duramente por sacar adelante a los\npacientes en condiciones de mucha presi\u00f3n y mucha exigencia, han hecho un\ntremendo trabajo que merece reconocimiento\u201d.<\/p>\n","protected":false},"excerpt":{"rendered":"<p>Su estatus de centro referente no se gest\u00f3 con la llegada de la pandemia sino que se remonta 16 a\u00f1os atr\u00e1s con la conformaci\u00f3n oficial de la Unidad de Paciente&#8230; <a class=\"read-more\" href=\"https:\/\/www.radiopresidenteibanez.cl\/web\/unidad-de-paciente-critico-atencion-humanizada-de-calidad-y-comprometida-para-los-mas-graves-de-magallanes\/\">Leer m\u00e1s<\/a><\/p>\n","protected":false},"author":2,"featured_media":12532,"comment_status":"closed","ping_status":"closed","sticky":false,"template":"","format":"standard","meta":{"footnotes":""},"categories":[1],"tags":[],"class_list":["post-12531","post","type-post","status-publish","format-standard","has-post-thumbnail","hentry","category-cronica"],"_links":{"self":[{"href":"https:\/\/www.radiopresidenteibanez.cl\/web\/wp-json\/wp\/v2\/posts\/12531","targetHints":{"allow":["GET"]}}],"collection":[{"href":"https:\/\/www.radiopresidenteibanez.cl\/web\/wp-json\/wp\/v2\/posts"}],"about":[{"href":"https:\/\/www.radiopresidenteibanez.cl\/web\/wp-json\/wp\/v2\/types\/post"}],"author":[{"embeddable":true,"href":"https:\/\/www.radiopresidenteibanez.cl\/web\/wp-json\/wp\/v2\/users\/2"}],"replies":[{"embeddable":true,"href":"https:\/\/www.radiopresidenteibanez.cl\/web\/wp-json\/wp\/v2\/comments?post=12531"}],"version-history":[{"count":0,"href":"https:\/\/www.radiopresidenteibanez.cl\/web\/wp-json\/wp\/v2\/posts\/12531\/revisions"}],"wp:featuredmedia":[{"embeddable":true,"href":"https:\/\/www.radiopresidenteibanez.cl\/web\/wp-json\/wp\/v2\/media\/12532"}],"wp:attachment":[{"href":"https:\/\/www.radiopresidenteibanez.cl\/web\/wp-json\/wp\/v2\/media?parent=12531"}],"wp:term":[{"taxonomy":"category","embeddable":true,"href":"https:\/\/www.radiopresidenteibanez.cl\/web\/wp-json\/wp\/v2\/categories?post=12531"},{"taxonomy":"post_tag","embeddable":true,"href":"https:\/\/www.radiopresidenteibanez.cl\/web\/wp-json\/wp\/v2\/tags?post=12531"}],"curies":[{"name":"wp","href":"https:\/\/api.w.org\/{rel}","templated":true}]}}