{"id":12528,"date":"2020-06-09T13:27:49","date_gmt":"2020-06-09T13:27:49","guid":{"rendered":"https:\/\/www.radiopresidenteibanez.cl\/web\/?p=12528"},"modified":"2020-06-09T13:27:53","modified_gmt":"2020-06-09T13:27:53","slug":"proyecto-de-mejoramiento-de-accesibilidad-universal-en-costanera-del-estrecho-presenta-un-43-por-ciento-de-avance","status":"publish","type":"post","link":"https:\/\/www.radiopresidenteibanez.cl\/web\/proyecto-de-mejoramiento-de-accesibilidad-universal-en-costanera-del-estrecho-presenta-un-43-por-ciento-de-avance\/","title":{"rendered":"PROYECTO DE MEJORAMIENTO DE ACCESIBILIDAD UNIVERSAL EN COSTANERA DEL ESTRECHO PRESENTA UN 43 POR CIENTO DE AVANCE"},"content":{"rendered":"\n<p>El 2018, el Minvu, inici\u00f3 un programa piloto denominado \u201cCiudad Inclusiva\u201d, en diferentes localidades del pa\u00eds, entre ellas Punta Arenas. En la capital regional, el proyecto desarrollado en el marco de este programa, se denomina \u201cMejoramiento est\u00e1ndar urbano Costanera del Estrecho, Punta Arenas\u201d y aborda como tema principal, la habilitaci\u00f3n de la Accesibilidad Universal en el espacio p\u00fablico, ejecut\u00e1ndose una primera etapa en el costado poniente del tramo comprendido entre calles Jos\u00e9 Velastegui y Club H\u00edpico.<\/p>\n\n\n\n<p>La iniciativa presenta un 43 por ciento de avance, lo que fue constatado durante una visita de inspecci\u00f3n efectuada este lunes por parte del Seremi Minvu, Jos\u00e9 Miguel Horcos y el Director Regional del Serviu, Dubalio P\u00e9rez. En el lugar, las autoridades informaron que dado los avances que registra la empresa contratista, Eliecer Soto Oyarz\u00fan, se estima que este espacio se podr\u00eda entregar a la comunidad durante el a\u00f1o en curso, aun cuando el plazo de ejecuci\u00f3n de 450 d\u00edas corridos, culmina en enero de 2021.<\/p>\n\n\n\n<p>Respecto al origen de esta iniciativa, el director regional del Serviu, Dubalio P\u00e9rez precis\u00f3 que, \u201cSe defini\u00f3 mediante un proceso de participaci\u00f3n con la comunidad en general y con personas con discapacidad, por eso tambi\u00e9n se construyeron cruces peatonales continuos hacia el borde costero\u201d. En relaci\u00f3n a la implementaci\u00f3n de una zona de 2.300 metros cuadrados ubicada al oriente de la caletera existente, indic\u00f3 \u201cAc\u00e1 estamos haciendo todo un mejoramiento integral de los espacios que estaban en desuso, donde podemos mencionar la construcci\u00f3n de la multicancha Silvio Villarroel en honor a un dirigente del sector, juegos infantiles y \u00e1reas verdes\u201d.<\/p>\n\n\n\n<p>La construcci\u00f3n del proyecto trae consigo otros adelantos a los residentes, como la pavimentaci\u00f3n de aceras y calzada, la extensi\u00f3n de redes de agua potable, gas y alcantarillado y construcci\u00f3n de sistema de evacuaci\u00f3n de aguas lluvias.<\/p>\n\n\n\n<p>Respecto a las obras concluidas, como los cruces peatonales continuos en las intersecciones de Jos\u00e9 Velastegui y Club H\u00edpico, el Seremi Minvu, Jos\u00e9 Miguel Horcos, precis\u00f3 \u201cEste era un punto muy complicado en nuestra Costanera, ac\u00e1 se produjeron muchos accidentes, algunos de ellos fatales, se generaba mucha molestia por el exceso de velocidad de algunos conductores y recogimos nosotros esa inquietud a trav\u00e9s del Ministerio de Vivienda y Urbanismo, con una inversi\u00f3n sectorial aproximada de 1.100 millones de pesos. Construimos cruces regulados con reductores y vallas de seguridad, iluminaci\u00f3n y todo lo necesario para generar un tr\u00e1nsito seguro, lo que debe ir acompa\u00f1ado de una conducta responsable por parte de los conductores, que deben respetar el l\u00edmite m\u00e1ximo de velocidad\u201d.<\/p>\n\n\n\n<p>Actualmente se encuentran en ejecuci\u00f3n el trazado y construcci\u00f3n de obras de paisajismo, tales como instalaci\u00f3n de camineros, especies arb\u00f3reas, solerillas met\u00e1licas y de hormig\u00f3n, primera base de caucho en zona de juegos, pavimentaci\u00f3n y color de multicancha. Para el periodo julio-agosto, se espera terminar con la instalaci\u00f3n de esta base de seguridad en zonas de juegos, ya que las cuadrillas especializadas en su instalaci\u00f3n residen en Santiago, por lo que se opt\u00f3 por programar estos trabajos una vez que concluya la cuarentena en la capital del pa\u00eds.<\/p>\n\n\n\n<p>Cabe se\u00f1alar que el proyecto, a su vez, es parte de una iniciativa ministerial de poner en valor las Costaneras de la Regi\u00f3n, por lo que tambi\u00e9n se ejecutan obras de mejoramiento en Natales y el dise\u00f1o de la Cuarta Etapa de la Costanera de Porvenir.<\/p>\n","protected":false},"excerpt":{"rendered":"<p>El 2018, el Minvu, inici\u00f3 un programa piloto denominado \u201cCiudad Inclusiva\u201d, en diferentes localidades del pa\u00eds, entre ellas Punta Arenas. En la capital regional, el proyecto desarrollado en el marco&#8230; <a class=\"read-more\" href=\"https:\/\/www.radiopresidenteibanez.cl\/web\/proyecto-de-mejoramiento-de-accesibilidad-universal-en-costanera-del-estrecho-presenta-un-43-por-ciento-de-avance\/\">Leer m\u00e1s<\/a><\/p>\n","protected":false},"author":2,"featured_media":12529,"comment_status":"closed","ping_status":"closed","sticky":false,"template":"","format":"standard","meta":{"footnotes":""},"categories":[1],"tags":[],"class_list":["post-12528","post","type-post","status-publish","format-standard","has-post-thumbnail","hentry","category-cronica"],"_links":{"self":[{"href":"https:\/\/www.radiopresidenteibanez.cl\/web\/wp-json\/wp\/v2\/posts\/12528","targetHints":{"allow":["GET"]}}],"collection":[{"href":"https:\/\/www.radiopresidenteibanez.cl\/web\/wp-json\/wp\/v2\/posts"}],"about":[{"href":"https:\/\/www.radiopresidenteibanez.cl\/web\/wp-json\/wp\/v2\/types\/post"}],"author":[{"embeddable":true,"href":"https:\/\/www.radiopresidenteibanez.cl\/web\/wp-json\/wp\/v2\/users\/2"}],"replies":[{"embeddable":true,"href":"https:\/\/www.radiopresidenteibanez.cl\/web\/wp-json\/wp\/v2\/comments?post=12528"}],"version-history":[{"count":0,"href":"https:\/\/www.radiopresidenteibanez.cl\/web\/wp-json\/wp\/v2\/posts\/12528\/revisions"}],"wp:featuredmedia":[{"embeddable":true,"href":"https:\/\/www.radiopresidenteibanez.cl\/web\/wp-json\/wp\/v2\/media\/12529"}],"wp:attachment":[{"href":"https:\/\/www.radiopresidenteibanez.cl\/web\/wp-json\/wp\/v2\/media?parent=12528"}],"wp:term":[{"taxonomy":"category","embeddable":true,"href":"https:\/\/www.radiopresidenteibanez.cl\/web\/wp-json\/wp\/v2\/categories?post=12528"},{"taxonomy":"post_tag","embeddable":true,"href":"https:\/\/www.radiopresidenteibanez.cl\/web\/wp-json\/wp\/v2\/tags?post=12528"}],"curies":[{"name":"wp","href":"https:\/\/api.w.org\/{rel}","templated":true}]}}