{"id":12525,"date":"2020-06-09T13:26:00","date_gmt":"2020-06-09T13:26:00","guid":{"rendered":"https:\/\/www.radiopresidenteibanez.cl\/web\/?p=12525"},"modified":"2020-06-09T13:26:04","modified_gmt":"2020-06-09T13:26:04","slug":"comienza-la-entrega-de-kits-covid-19-utiles-de-aseo-y-panales-para-las-familias-mas-vulnerables-de-natales","status":"publish","type":"post","link":"https:\/\/www.radiopresidenteibanez.cl\/web\/comienza-la-entrega-de-kits-covid-19-utiles-de-aseo-y-panales-para-las-familias-mas-vulnerables-de-natales\/","title":{"rendered":"COMIENZA LA ENTREGA DE KITS COVID-19, \u00daTILES DE ASEO Y PA\u00d1ALES PARA LAS FAMILIAS M\u00c1S VULNERABLES DE NATALES"},"content":{"rendered":"\n<p>En el contexto\ndel acompa\u00f1amiento y apoyo de la municipalidad a los vecinos de Natales, el\nalcalde de la comuna junto al gobernador y parte del cuerpo de concejales,\nllegaron hasta el polideportivo municipal para dar inicio a la entrega de\n\u00fatiles de prevenci\u00f3n y aseo para las familias vulnerables de Natales.<\/p>\n\n\n\n<p>El aporte\ncorresponde a 4 mil kits covid-19, que contienen 10 pares de guantes, 25\nmascarillas y un litro de alcohol gel, sumado a la entrega de pa\u00f1ales, cloro,\ndetergente, jab\u00f3n l\u00edquido, toallitas h\u00famedas y bolsas de basura.<\/p>\n\n\n\n<p>La m\u00e1xima\nautoridad comunal, se\u00f1al\u00f3 que las personas beneficiadas pasaron por un proceso\nde inscripci\u00f3n y evaluaci\u00f3n por el departamento social. \u201cEntendemos que es una\nayuda importante que desde el punto de vista de la prevenci\u00f3n de la salud a\nnuestra comunidad le va a servir significativamente. Para llevar un proceso\nordenado, todos los d\u00edas vamos a ir comunicando a la gente que ha sido\ncalificada por la Direcci\u00f3n de Desarrollo Comunitario, y mayoritariamente la\nentrega ser\u00e1 en el gimnasio polideportivo\u201d.<\/p>\n\n\n\n<p>Asimismo, el\nedil destac\u00f3 que apoyar\u00e1n en la entrega de estos beneficios a las personas que\ntienen dificultades para salir de su hogar. \u201cLa gente que tiene complicaciones\nde movilidad, principalmente los adultos mayores y grupos de dializados, les\nvamos a entregar estos kits y de estos materiales de aseo a domicilio\u201d.<\/p>\n\n\n\n<p>Finalmente,\nFernando Paredes, agradeci\u00f3 de manera especial a la intendencia y a los\nConsejeros Regionales por apoyar este proyecto, que permite entregar estos kits\nde emergencia y \u00fatiles de aseo a m\u00e1s de 6 mil personas.<\/p>\n\n\n\n<p>Ra\u00fal Suazo,\ngobernador de la provincia de \u00daltima Esperanza, subray\u00f3 que todo esto permite\nentregar un alivio econ\u00f3mico a las familias natalinas, \u201csabemos que en el\nmercado y en el comercio esto se tranza a un valor muchas veces excesivo,\ncontar con esto hoy d\u00eda y el poder comprar mascarillas, pa\u00f1ales, cloro gel y l\u00edquido\ndesinfectante no est\u00e1n accesible como quisi\u00e9ramos\u201d.<\/p>\n\n\n\n<p>Una de las\nprimeras vecinas beneficiadas agradeci\u00f3 a la municipalidad por el apoyo\nentregado. \u201cSon momentos dif\u00edciles para algunas familias y es un aporte tambi\u00e9n\npara nosotros. Cualquier ayuda es bienvenida, el hecho de recibir un aporte me\nhace estar agradecida, ya que es un alivio para el bolsillo\u201d.<\/p>\n\n\n\n<p>La entrega se\nextender\u00e1 por toda la semana en el polideportivo municipal y est\u00e1 siendo\ncoordinada por la Direcci\u00f3n de Desarrollo Comunitario, quienes est\u00e1n citando\npeque\u00f1os grupos para evitar aglomeraci\u00f3n de personas.<\/p>\n","protected":false},"excerpt":{"rendered":"<p>En el contexto del acompa\u00f1amiento y apoyo de la municipalidad a los vecinos de Natales, el alcalde de la comuna junto al gobernador y parte del cuerpo de concejales, llegaron&#8230; <a class=\"read-more\" href=\"https:\/\/www.radiopresidenteibanez.cl\/web\/comienza-la-entrega-de-kits-covid-19-utiles-de-aseo-y-panales-para-las-familias-mas-vulnerables-de-natales\/\">Leer m\u00e1s<\/a><\/p>\n","protected":false},"author":2,"featured_media":12526,"comment_status":"closed","ping_status":"closed","sticky":false,"template":"","format":"standard","meta":{"footnotes":""},"categories":[1],"tags":[],"class_list":["post-12525","post","type-post","status-publish","format-standard","has-post-thumbnail","hentry","category-cronica"],"_links":{"self":[{"href":"https:\/\/www.radiopresidenteibanez.cl\/web\/wp-json\/wp\/v2\/posts\/12525","targetHints":{"allow":["GET"]}}],"collection":[{"href":"https:\/\/www.radiopresidenteibanez.cl\/web\/wp-json\/wp\/v2\/posts"}],"about":[{"href":"https:\/\/www.radiopresidenteibanez.cl\/web\/wp-json\/wp\/v2\/types\/post"}],"author":[{"embeddable":true,"href":"https:\/\/www.radiopresidenteibanez.cl\/web\/wp-json\/wp\/v2\/users\/2"}],"replies":[{"embeddable":true,"href":"https:\/\/www.radiopresidenteibanez.cl\/web\/wp-json\/wp\/v2\/comments?post=12525"}],"version-history":[{"count":0,"href":"https:\/\/www.radiopresidenteibanez.cl\/web\/wp-json\/wp\/v2\/posts\/12525\/revisions"}],"wp:featuredmedia":[{"embeddable":true,"href":"https:\/\/www.radiopresidenteibanez.cl\/web\/wp-json\/wp\/v2\/media\/12526"}],"wp:attachment":[{"href":"https:\/\/www.radiopresidenteibanez.cl\/web\/wp-json\/wp\/v2\/media?parent=12525"}],"wp:term":[{"taxonomy":"category","embeddable":true,"href":"https:\/\/www.radiopresidenteibanez.cl\/web\/wp-json\/wp\/v2\/categories?post=12525"},{"taxonomy":"post_tag","embeddable":true,"href":"https:\/\/www.radiopresidenteibanez.cl\/web\/wp-json\/wp\/v2\/tags?post=12525"}],"curies":[{"name":"wp","href":"https:\/\/api.w.org\/{rel}","templated":true}]}}