{"id":12520,"date":"2020-06-08T15:15:33","date_gmt":"2020-06-08T15:15:33","guid":{"rendered":"https:\/\/www.radiopresidenteibanez.cl\/web\/?p=12520"},"modified":"2020-06-08T15:15:37","modified_gmt":"2020-06-08T15:15:37","slug":"triple-colision-dejo-una-persona-lesionada-en-el-sector-sur-de-punta-arenas","status":"publish","type":"post","link":"https:\/\/www.radiopresidenteibanez.cl\/web\/triple-colision-dejo-una-persona-lesionada-en-el-sector-sur-de-punta-arenas\/","title":{"rendered":"TRIPLE COLISI\u00d3N DEJO UNA PERSONA LESIONADA EN EL SECTOR SUR DE PUNTA ARENAS"},"content":{"rendered":"\n<p>Cerca de las 12:00 horas, una triple colisi\u00f3n se produjo en\nlas intersecciones de Avenida Mart\u00ednez de Aldunate con Ram\u00f3n Carnicer, en el lugar\nuna persona result\u00f3 lesionada la que fue trasladada hasta las dependencias del\nHospital Cl\u00ednico de Magallanes por personal del Samu.<\/p>\n\n\n\n<p>Hasta el lugar tambi\u00e9n se dirigi\u00f3 voluntarios de la 1ra Compa\u00f1\u00eda\nde Bomberos, quienes comenzaron los primeros trabajos de rescate.<\/p>\n\n\n\n<p>El teniente de la primera compa\u00f1\u00eda de Bomberos, Iv\u00e1n Yutronich,\nentreg\u00f3 mayores detalles de la colisi\u00f3n, explicando tambi\u00e9n que \u201clos ocupantes\nde uno de los involucrados se dieron a la fuga del lugar\u201d.<\/p>\n\n\n\n<p>Carabineros se encuentra tomando el procedimiento de rigor en estos casos.<\/p>\n\n\n\n<figure class=\"wp-block-gallery columns-2 is-cropped wp-block-gallery-1 is-layout-flex wp-block-gallery-is-layout-flex\"><ul class=\"blocks-gallery-grid\"><li class=\"blocks-gallery-item\"><figure><img loading=\"lazy\" decoding=\"async\" width=\"1024\" height=\"576\" src=\"https:\/\/www.radiopresidenteibanez.cl\/web\/wp-content\/uploads\/2020\/06\/WhatsApp-Image-2020-06-08-at-12.07.52-1024x576.jpeg\" alt=\"\" data-id=\"12521\" data-full-url=\"https:\/\/www.radiopresidenteibanez.cl\/web\/wp-content\/uploads\/2020\/06\/WhatsApp-Image-2020-06-08-at-12.07.52.jpeg\" data-link=\"https:\/\/www.radiopresidenteibanez.cl\/web\/?attachment_id=12521\" class=\"wp-image-12521\" srcset=\"https:\/\/www.radiopresidenteibanez.cl\/web\/wp-content\/uploads\/2020\/06\/WhatsApp-Image-2020-06-08-at-12.07.52-1024x576.jpeg 1024w, https:\/\/www.radiopresidenteibanez.cl\/web\/wp-content\/uploads\/2020\/06\/WhatsApp-Image-2020-06-08-at-12.07.52-300x169.jpeg 300w, https:\/\/www.radiopresidenteibanez.cl\/web\/wp-content\/uploads\/2020\/06\/WhatsApp-Image-2020-06-08-at-12.07.52-768x432.jpeg 768w, https:\/\/www.radiopresidenteibanez.cl\/web\/wp-content\/uploads\/2020\/06\/WhatsApp-Image-2020-06-08-at-12.07.52.jpeg 1280w\" sizes=\"auto, (max-width: 1024px) 100vw, 1024px\" \/><\/figure><\/li><li class=\"blocks-gallery-item\"><figure><img loading=\"lazy\" decoding=\"async\" width=\"1024\" height=\"576\" src=\"https:\/\/www.radiopresidenteibanez.cl\/web\/wp-content\/uploads\/2020\/06\/WhatsApp-Image-2020-06-08-at-12.07.09-1024x576.jpeg\" alt=\"\" data-id=\"12522\" data-full-url=\"https:\/\/www.radiopresidenteibanez.cl\/web\/wp-content\/uploads\/2020\/06\/WhatsApp-Image-2020-06-08-at-12.07.09.jpeg\" data-link=\"https:\/\/www.radiopresidenteibanez.cl\/web\/?attachment_id=12522\" class=\"wp-image-12522\" srcset=\"https:\/\/www.radiopresidenteibanez.cl\/web\/wp-content\/uploads\/2020\/06\/WhatsApp-Image-2020-06-08-at-12.07.09-1024x576.jpeg 1024w, https:\/\/www.radiopresidenteibanez.cl\/web\/wp-content\/uploads\/2020\/06\/WhatsApp-Image-2020-06-08-at-12.07.09-300x169.jpeg 300w, https:\/\/www.radiopresidenteibanez.cl\/web\/wp-content\/uploads\/2020\/06\/WhatsApp-Image-2020-06-08-at-12.07.09-768x432.jpeg 768w, https:\/\/www.radiopresidenteibanez.cl\/web\/wp-content\/uploads\/2020\/06\/WhatsApp-Image-2020-06-08-at-12.07.09.jpeg 1280w\" sizes=\"auto, (max-width: 1024px) 100vw, 1024px\" \/><\/figure><\/li><\/ul><\/figure>\n","protected":false},"excerpt":{"rendered":"<p>Cerca de las 12:00 horas, una triple colisi\u00f3n se produjo en las intersecciones de Avenida Mart\u00ednez de Aldunate con Ram\u00f3n Carnicer, en el lugar una persona result\u00f3 lesionada la que&#8230; <a class=\"read-more\" href=\"https:\/\/www.radiopresidenteibanez.cl\/web\/triple-colision-dejo-una-persona-lesionada-en-el-sector-sur-de-punta-arenas\/\">Leer m\u00e1s<\/a><\/p>\n","protected":false},"author":2,"featured_media":12521,"comment_status":"closed","ping_status":"closed","sticky":false,"template":"","format":"standard","meta":{"footnotes":""},"categories":[1],"tags":[],"class_list":["post-12520","post","type-post","status-publish","format-standard","has-post-thumbnail","hentry","category-cronica"],"_links":{"self":[{"href":"https:\/\/www.radiopresidenteibanez.cl\/web\/wp-json\/wp\/v2\/posts\/12520","targetHints":{"allow":["GET"]}}],"collection":[{"href":"https:\/\/www.radiopresidenteibanez.cl\/web\/wp-json\/wp\/v2\/posts"}],"about":[{"href":"https:\/\/www.radiopresidenteibanez.cl\/web\/wp-json\/wp\/v2\/types\/post"}],"author":[{"embeddable":true,"href":"https:\/\/www.radiopresidenteibanez.cl\/web\/wp-json\/wp\/v2\/users\/2"}],"replies":[{"embeddable":true,"href":"https:\/\/www.radiopresidenteibanez.cl\/web\/wp-json\/wp\/v2\/comments?post=12520"}],"version-history":[{"count":0,"href":"https:\/\/www.radiopresidenteibanez.cl\/web\/wp-json\/wp\/v2\/posts\/12520\/revisions"}],"wp:featuredmedia":[{"embeddable":true,"href":"https:\/\/www.radiopresidenteibanez.cl\/web\/wp-json\/wp\/v2\/media\/12521"}],"wp:attachment":[{"href":"https:\/\/www.radiopresidenteibanez.cl\/web\/wp-json\/wp\/v2\/media?parent=12520"}],"wp:term":[{"taxonomy":"category","embeddable":true,"href":"https:\/\/www.radiopresidenteibanez.cl\/web\/wp-json\/wp\/v2\/categories?post=12520"},{"taxonomy":"post_tag","embeddable":true,"href":"https:\/\/www.radiopresidenteibanez.cl\/web\/wp-json\/wp\/v2\/tags?post=12520"}],"curies":[{"name":"wp","href":"https:\/\/api.w.org\/{rel}","templated":true}]}}