{"id":12517,"date":"2020-06-08T15:14:02","date_gmt":"2020-06-08T15:14:02","guid":{"rendered":"https:\/\/www.radiopresidenteibanez.cl\/web\/?p=12517"},"modified":"2020-06-08T15:14:06","modified_gmt":"2020-06-08T15:14:06","slug":"punta-arenas-vive-su-primera-nevada-del-ano","status":"publish","type":"post","link":"https:\/\/www.radiopresidenteibanez.cl\/web\/punta-arenas-vive-su-primera-nevada-del-ano\/","title":{"rendered":"PUNTA ARENAS VIVE SU PRIMERA NEVADA DEL A\u00d1O"},"content":{"rendered":"\n<p>Durante horas de la ma\u00f1ana de este lunes, 08 de junio, se pod\u00eda\npercibir escarcha en las distintas calles y veredas de la ciudad junto a la\nlluvia y copiosa nieve pasada las 10:00 horas.<\/p>\n\n\n\n<p>Se hace un llamado a los conductores y peatones a tomar precauciones ante las condiciones clim\u00e1ticas que presenta la regi\u00f3n, as\u00ed tambi\u00e9n, quedarse en casa y evitar un posible contagio de Covid-19.<\/p>\n\n\n\n<p>Imagen: Joel Estay<\/p>\n","protected":false},"excerpt":{"rendered":"<p>Durante horas de la ma\u00f1ana de este lunes, 08 de junio, se pod\u00eda percibir escarcha en las distintas calles y veredas de la ciudad junto a la lluvia y copiosa&#8230; <a class=\"read-more\" href=\"https:\/\/www.radiopresidenteibanez.cl\/web\/punta-arenas-vive-su-primera-nevada-del-ano\/\">Leer m\u00e1s<\/a><\/p>\n","protected":false},"author":2,"featured_media":12518,"comment_status":"closed","ping_status":"closed","sticky":false,"template":"","format":"standard","meta":{"footnotes":""},"categories":[1],"tags":[],"class_list":["post-12517","post","type-post","status-publish","format-standard","has-post-thumbnail","hentry","category-cronica"],"_links":{"self":[{"href":"https:\/\/www.radiopresidenteibanez.cl\/web\/wp-json\/wp\/v2\/posts\/12517","targetHints":{"allow":["GET"]}}],"collection":[{"href":"https:\/\/www.radiopresidenteibanez.cl\/web\/wp-json\/wp\/v2\/posts"}],"about":[{"href":"https:\/\/www.radiopresidenteibanez.cl\/web\/wp-json\/wp\/v2\/types\/post"}],"author":[{"embeddable":true,"href":"https:\/\/www.radiopresidenteibanez.cl\/web\/wp-json\/wp\/v2\/users\/2"}],"replies":[{"embeddable":true,"href":"https:\/\/www.radiopresidenteibanez.cl\/web\/wp-json\/wp\/v2\/comments?post=12517"}],"version-history":[{"count":0,"href":"https:\/\/www.radiopresidenteibanez.cl\/web\/wp-json\/wp\/v2\/posts\/12517\/revisions"}],"wp:featuredmedia":[{"embeddable":true,"href":"https:\/\/www.radiopresidenteibanez.cl\/web\/wp-json\/wp\/v2\/media\/12518"}],"wp:attachment":[{"href":"https:\/\/www.radiopresidenteibanez.cl\/web\/wp-json\/wp\/v2\/media?parent=12517"}],"wp:term":[{"taxonomy":"category","embeddable":true,"href":"https:\/\/www.radiopresidenteibanez.cl\/web\/wp-json\/wp\/v2\/categories?post=12517"},{"taxonomy":"post_tag","embeddable":true,"href":"https:\/\/www.radiopresidenteibanez.cl\/web\/wp-json\/wp\/v2\/tags?post=12517"}],"curies":[{"name":"wp","href":"https:\/\/api.w.org\/{rel}","templated":true}]}}