{"id":12513,"date":"2020-06-08T13:13:17","date_gmt":"2020-06-08T13:13:17","guid":{"rendered":"https:\/\/www.radiopresidenteibanez.cl\/web\/?p=12513"},"modified":"2020-06-08T13:13:22","modified_gmt":"2020-06-08T13:13:22","slug":"pdi-de-punta-arenas-detuvo-a-un-sujeto-de-41-anos-acusado-de-violacion","status":"publish","type":"post","link":"https:\/\/www.radiopresidenteibanez.cl\/web\/pdi-de-punta-arenas-detuvo-a-un-sujeto-de-41-anos-acusado-de-violacion\/","title":{"rendered":"PDI DE PUNTA ARENAS DETUVO A UN SUJETO DE 41 A\u00d1OS ACUSADO DE VIOLACI\u00d3N"},"content":{"rendered":"\n<p>Detectives de la Brigada Investigadora\nde Delitos Sexuales (Brisex) de Punta Arenas detuvieron la tarde de este s\u00e1bado\na un hombre de 41 a\u00f1os, imputado de violar a una mujer, hechos que se habr\u00edan perpetrado\nla madrugada del viernes 5 de junio en el sector norte de la ciudad.<\/p>\n\n\n\n<p>\u201cEl\nviernes en horas de la noche se recepcion\u00f3 en la PDI una denuncia por el delito\nde violaci\u00f3n en contra de una mujer de 21 a\u00f1os de edad, la cual relataba que un\nsujeto conocido, la habr\u00eda trasladado hasta un sitio eriazo donde habr\u00eda sido\nagredida sexualmente\u201d, se\u00f1al\u00f3 el subcomisario Carlos Anton\u00edn, jefe de la\nBrigada Investigadora de Delitos Sexuales Punta Arenas.<\/p>\n\n\n\n<p>Es por esto, que oficiales de la\nunidad especializada se abocaron de inmediato a realizar diligencias tendientes\nal esclarecimiento del hecho, entre ellas, el trabajo cient\u00edfico t\u00e9cnico en el\nsitio del suceso, lo que les permiti\u00f3 constatar la veracidad de los acontecimientos\ndenunciados. <\/p>\n\n\n\n<p>Una vez realizado el trabajo\ninvestigativo y tras contar con la orden de detenci\u00f3n respectiva por el delito\nde secuestro con violaci\u00f3n, los oficiales procedieron a la ubicaci\u00f3n y\ndetenci\u00f3n del imputado la tarde de este s\u00e1bado. <\/p>\n\n\n\n<p>El sujeto, de nacionalidad colombiana,\nfue puesto a disposici\u00f3n del Tribunal de Garant\u00eda de Punta Arenas y este\ndomingo fue formalizado por el delito de violaci\u00f3n quedando en prisi\u00f3n\npreventiva.&nbsp; <\/p>\n","protected":false},"excerpt":{"rendered":"<p>Detectives de la Brigada Investigadora de Delitos Sexuales (Brisex) de Punta Arenas detuvieron la tarde de este s\u00e1bado a un hombre de 41 a\u00f1os, imputado de violar a una mujer,&#8230; <a class=\"read-more\" href=\"https:\/\/www.radiopresidenteibanez.cl\/web\/pdi-de-punta-arenas-detuvo-a-un-sujeto-de-41-anos-acusado-de-violacion\/\">Leer m\u00e1s<\/a><\/p>\n","protected":false},"author":2,"featured_media":4141,"comment_status":"closed","ping_status":"closed","sticky":false,"template":"","format":"standard","meta":{"footnotes":""},"categories":[1],"tags":[],"class_list":["post-12513","post","type-post","status-publish","format-standard","has-post-thumbnail","hentry","category-cronica"],"_links":{"self":[{"href":"https:\/\/www.radiopresidenteibanez.cl\/web\/wp-json\/wp\/v2\/posts\/12513","targetHints":{"allow":["GET"]}}],"collection":[{"href":"https:\/\/www.radiopresidenteibanez.cl\/web\/wp-json\/wp\/v2\/posts"}],"about":[{"href":"https:\/\/www.radiopresidenteibanez.cl\/web\/wp-json\/wp\/v2\/types\/post"}],"author":[{"embeddable":true,"href":"https:\/\/www.radiopresidenteibanez.cl\/web\/wp-json\/wp\/v2\/users\/2"}],"replies":[{"embeddable":true,"href":"https:\/\/www.radiopresidenteibanez.cl\/web\/wp-json\/wp\/v2\/comments?post=12513"}],"version-history":[{"count":0,"href":"https:\/\/www.radiopresidenteibanez.cl\/web\/wp-json\/wp\/v2\/posts\/12513\/revisions"}],"wp:featuredmedia":[{"embeddable":true,"href":"https:\/\/www.radiopresidenteibanez.cl\/web\/wp-json\/wp\/v2\/media\/4141"}],"wp:attachment":[{"href":"https:\/\/www.radiopresidenteibanez.cl\/web\/wp-json\/wp\/v2\/media?parent=12513"}],"wp:term":[{"taxonomy":"category","embeddable":true,"href":"https:\/\/www.radiopresidenteibanez.cl\/web\/wp-json\/wp\/v2\/categories?post=12513"},{"taxonomy":"post_tag","embeddable":true,"href":"https:\/\/www.radiopresidenteibanez.cl\/web\/wp-json\/wp\/v2\/tags?post=12513"}],"curies":[{"name":"wp","href":"https:\/\/api.w.org\/{rel}","templated":true}]}}