{"id":12506,"date":"2020-06-07T15:57:27","date_gmt":"2020-06-07T15:57:27","guid":{"rendered":"https:\/\/www.radiopresidenteibanez.cl\/web\/?p=12506"},"modified":"2020-06-07T15:57:31","modified_gmt":"2020-06-07T15:57:31","slug":"consejeros-regionales-se-reunieron-con-nueva-asociacion-gremial-del-sector-gastronomico-turistico-de-punta-arenas","status":"publish","type":"post","link":"https:\/\/www.radiopresidenteibanez.cl\/web\/consejeros-regionales-se-reunieron-con-nueva-asociacion-gremial-del-sector-gastronomico-turistico-de-punta-arenas\/","title":{"rendered":"CONSEJEROS REGIONALES SE REUNIERON CON NUEVA ASOCIACI\u00d3N GREMIAL DEL SECTOR GASTRON\u00d3MICO &#8211; TUR\u00cdSTICO DE PUNTA ARENAS"},"content":{"rendered":"\n<p>En\nel marco de reuniones que est\u00e1n llevando adelante los integrantes del CORE con entidades\nque sufren las consecuencias del impacto econ\u00f3mico de la pandemia en Magallanes\ny a solicitud de ellas, los integrantes del CORE por medio de la comisi\u00f3n\nSocial se reunieron este viernes con representantes de la nueva asociaci\u00f3n gremial\ndel rubro Gastron\u00f3mico-Tur\u00edstico de Punta Arenas. <\/p>\n\n\n\n<p>En\nla instancia desarrollada por medio de videoconferencia, participaron junto al\npresidente de la asociaci\u00f3n de gastr\u00f3nomos, Jaime Jelincic, Claudia Grandi,\nFrancisco \u00c1lvarez&nbsp; y Scandar Jacob,\nquienes tambi\u00e9n expusieron acerca de la gravedad de la situaci\u00f3n que afecta a\nrestaurantes, cafeter\u00edas, pubs y otros asociados. <\/p>\n\n\n\n<p>Seg\u00fan\ninform\u00f3 el presidente de Social, Juan Vukusich, \u201clos representantes de la\nasociaci\u00f3n plantearon algo fundamental y es que no han podido desarrollar su\nlabor. Se encuentran dialogando con las instituciones y buscado apoyo pero lo\nprincipal, es conocer cu\u00e1ndo podr\u00edan volver a trabajar con los protocolos que\nse les indique y ello depende de la autoridad sanitaria. Han resistido varios\nmeses pero dif\u00edcilmente podr\u00edan aguantar hasta septiembre como se les ha\nindicado\u201d.<\/p>\n\n\n\n<p>\u201cEl\nproblema es que el Gobierno central defini\u00f3 alrededor de 7 mil millones para\napoyar el turismo y es probable que a Magallanes lleguen muy pocos recursos, entonces\ntodo lo que se pueda hacer depender\u00e1 de los fondos FNDR y estar\u00eda definido por\nel Intendente. Es fundamental que ellos y otros sectores tengan apoyo pero el\ntema pasa porque los recursos no son infinitos y como Consejo Regional hemos\nplanteado que se busquen alternativas que permitan postergar algunos proyectos que\nno se requieren con tanta premura y chutearlos para adelante a fin de liberar\nrecursos\u201d, detall\u00f3 Vukusich.<\/p>\n\n\n\n<p>En\ntanto el consejero de \u00daltima Esperanza, Tolentino Soto, aludi\u00f3 conocer de cerca\nel drama que est\u00e1n viviendo las peque\u00f1as y medianas empresas relacionadas a la\ngastronom\u00eda y el turismo ya que la econom\u00eda de Puerto Natales se basa en estas\nactividades. &nbsp;\u201cEs necesario buscar herramientas\nlegales para subsidiar u otorgar alg\u00fan tipo de soluci\u00f3n a los empresarios que\nhoy est\u00e1n quebrando y ello nos muestra la necesidad de trabajar en un\nanteproyecto de inversi\u00f3n regional. Quiz\u00e1 como CORE no podemos entregar una soluci\u00f3n\ndirecta pero si es bueno dimensionar la cantidad de problemas que hay por\nsectores, ante lo cual los programas que hoy tienen a disposici\u00f3n organismos\ncomo Sercotec o Corfo ser\u00e1n insuficientes y habr\u00e1 que transmitir estas inquietudes\na las autoridades pertinentes. &nbsp;El mensaje\nque nos han entrega los gremios con que nos hemos reunido es reorientar hacia\ndonde debe dirigirse la inversi\u00f3n p\u00fablica\u201d, argument\u00f3 el consejero Soto. <\/p>\n\n\n\n<p>Por\nsu parte el consejero, Emilio Boccazzi, defini\u00f3 la instancia como una buena\nreuni\u00f3n de la cual se desprendieron conclusiones que deben ser trasmitidas al\nEjecutivo, \u201cveo la posibilidad de atacar algunas demandas que el sector gastron\u00f3mico\ntiene y una de ellas, es transmitirle a la autoridad de Salud que establezca\nlos protocolos bajo los cuales podr\u00e1n comenzar a operar y en ese sentido, no\nhay mucho que inventar, sino ver como se est\u00e1n dando las cosas en pa\u00edses que comienzan\nde alguna manera y lentamente a volver a la normalidad particularmente en Europa.\nHe escuchado con estupor que talvez en septiembre reabrir\u00eda la actividad gastron\u00f3mica\npero en general no todos los locales pueden trabajar bajo el concepto de delivery.\nLa situaci\u00f3n es catastr\u00f3fica y hay algo que no se dijo pero es importante, es\nque a fines del mes de junio los trabajadores que est\u00e1n con su situaci\u00f3n\necon\u00f3mica congelada y han usado el seguro de cesant\u00eda deber\u00edan volver a sus trabajos\nya que los tres meses de moratoria estar\u00edan cumplidos por tanto es urgente\nactuar con prontitud, si no la cesant\u00eda aumentar\u00e1 a\u00fan m\u00e1s\u201d, afirm\u00f3 Boccazzi. <\/p>\n\n\n\n<p>Finalmente el consejero, Antonio\nBradasic, se\u00f1al\u00f3 \u201cestamos proponiendo a las asociaciones y entidades efectuar\nuna mesa de trabajo con todos quienes se relacionan al Turismo ya que las problem\u00e1ticas\nson parecidas, salvo los hoteles que es un tema netamente de la banca porque\nson problemas mayores. Se necesita una reuni\u00f3n multidisciplinaria en la que\nparticipe la seremi de Econom\u00eda, el jefe de divisi\u00f3n y otras autoridades para buscar\nsoluciones ya que es un tema grave y si se deja pasar mucho tiempo al momento\nque quieran abrir ya no existir\u00e1n estos locales\u201d, concluy\u00f3.<\/p>\n","protected":false},"excerpt":{"rendered":"<p>En el marco de reuniones que est\u00e1n llevando adelante los integrantes del CORE con entidades que sufren las consecuencias del impacto econ\u00f3mico de la pandemia en Magallanes y a solicitud&#8230; <a class=\"read-more\" href=\"https:\/\/www.radiopresidenteibanez.cl\/web\/consejeros-regionales-se-reunieron-con-nueva-asociacion-gremial-del-sector-gastronomico-turistico-de-punta-arenas\/\">Leer m\u00e1s<\/a><\/p>\n","protected":false},"author":2,"featured_media":12507,"comment_status":"closed","ping_status":"closed","sticky":false,"template":"","format":"standard","meta":{"footnotes":""},"categories":[1],"tags":[],"class_list":["post-12506","post","type-post","status-publish","format-standard","has-post-thumbnail","hentry","category-cronica"],"_links":{"self":[{"href":"https:\/\/www.radiopresidenteibanez.cl\/web\/wp-json\/wp\/v2\/posts\/12506","targetHints":{"allow":["GET"]}}],"collection":[{"href":"https:\/\/www.radiopresidenteibanez.cl\/web\/wp-json\/wp\/v2\/posts"}],"about":[{"href":"https:\/\/www.radiopresidenteibanez.cl\/web\/wp-json\/wp\/v2\/types\/post"}],"author":[{"embeddable":true,"href":"https:\/\/www.radiopresidenteibanez.cl\/web\/wp-json\/wp\/v2\/users\/2"}],"replies":[{"embeddable":true,"href":"https:\/\/www.radiopresidenteibanez.cl\/web\/wp-json\/wp\/v2\/comments?post=12506"}],"version-history":[{"count":0,"href":"https:\/\/www.radiopresidenteibanez.cl\/web\/wp-json\/wp\/v2\/posts\/12506\/revisions"}],"wp:featuredmedia":[{"embeddable":true,"href":"https:\/\/www.radiopresidenteibanez.cl\/web\/wp-json\/wp\/v2\/media\/12507"}],"wp:attachment":[{"href":"https:\/\/www.radiopresidenteibanez.cl\/web\/wp-json\/wp\/v2\/media?parent=12506"}],"wp:term":[{"taxonomy":"category","embeddable":true,"href":"https:\/\/www.radiopresidenteibanez.cl\/web\/wp-json\/wp\/v2\/categories?post=12506"},{"taxonomy":"post_tag","embeddable":true,"href":"https:\/\/www.radiopresidenteibanez.cl\/web\/wp-json\/wp\/v2\/tags?post=12506"}],"curies":[{"name":"wp","href":"https:\/\/api.w.org\/{rel}","templated":true}]}}