{"id":12497,"date":"2020-06-07T15:49:14","date_gmt":"2020-06-07T15:49:14","guid":{"rendered":"https:\/\/www.radiopresidenteibanez.cl\/web\/?p=12497"},"modified":"2020-06-07T15:49:17","modified_gmt":"2020-06-07T15:49:17","slug":"consejeros-regionales-plantean-a-profesionales-de-la-seremi-de-salud-inquietudes-referidas-a-medidas-sanitarias-y-protocolos-covid-19-en-magallanes","status":"publish","type":"post","link":"https:\/\/www.radiopresidenteibanez.cl\/web\/consejeros-regionales-plantean-a-profesionales-de-la-seremi-de-salud-inquietudes-referidas-a-medidas-sanitarias-y-protocolos-covid-19-en-magallanes\/","title":{"rendered":"CONSEJEROS REGIONALES PLANTEAN A PROFESIONALES DE LA SEREMI DE SALUD INQUIETUDES REFERIDAS A MEDIDAS SANITARIAS Y PROTOCOLOS COVID-19 EN MAGALLANES"},"content":{"rendered":"\n<p>Con\nel objetivo de ilustrarse e intentar dar &nbsp;respuesta a numerosas inquietudes planteadas\npor la comunidad referidas a la aplicaci\u00f3n de protocolos, seguimiento a los\ncasos positivos a Covid -19 o la situaci\u00f3n de los albergues temporales. Los\nconsejeros regionales convocaron este mi\u00e9rcoles a reuni\u00f3n por medio de videoconferencia\na la seremi de Salud, Mariela Rojas, quien present\u00f3 sus excusas por no poder\nasistir enviando en su representaci\u00f3n a la jefa del departamento de Salud P\u00fablica,\nVivian Garay. &nbsp;En la instancia convocada\npor la comisi\u00f3n Social tambi\u00e9n estuvo presente el profesional de la Subdirecci\u00f3n\nde Atenci\u00f3n Primaria del&nbsp;Servicio&nbsp;de&nbsp;Salud,&nbsp;Jos\u00e9 G\u00f3mez. <\/p>\n\n\n\n<p>Seg\u00fan coment\u00f3 el presidente de\nla comisi\u00f3n Social, Juan Vukusich, \u201cla idea era ver en qu\u00e9 t\u00e9rminos est\u00e1n funcionando\nlos albergues o como se hacen los seguimientos en relaci\u00f3n al Covid pero recibimos\ninformaci\u00f3n por todos conocida y los aspectos m\u00e1s importantes que tienen que\nver con las proyecciones sobre el futuro no pudieron ser entregados. Lamentamos\nque la seremi no estuviera presente porque es importante tener su visi\u00f3n.\nAcordamos coordinar una pr\u00f3xima reuni\u00f3n para ver temas como protocolos para la\nreactivaci\u00f3n econ\u00f3mica, el control &nbsp;que\nse est\u00e1 efectuando en sectores como Bah\u00eda Azul o la llegada de trabajadores de\nla construcci\u00f3n ya que no hay una claridad absoluta en si efectivamente se\nest\u00e1n tomando todas las precauciones\u201d, afirm\u00f3. <\/p>\n\n\n\n<p>En tanto el consejero de la\nprovincia Tierra del Fuego, Manuel Lonc\u00f3n, junto con valorar y destacar el\ntrabajo del personal de Salud en Magallanes tambi\u00e9n expres\u00f3 su preocupaci\u00f3n por\nla reiterada inasistencia de la seremi a reuniones convocadas por el CORE \u201ces\nlamentable que no participara. En medio de la pandemia, no es buen momento para\nno informar, m\u00e1s aun considerando que como consejeros siempre hemos estado a la\naltura de la situaci\u00f3n entregando los recursos necesarios para cubrir la compra\nde equipos, insumos y lo que haga falta para mejorar las prestaciones a la\ncomunidad\u201d.<\/p>\n\n\n\n<p>Asimismo la consejera,\nRoxana&nbsp; Gallardo, plate\u00f3 \u201cexiste preocupaci\u00f3n\npor c\u00f3mo se est\u00e1n llevando a cabo los protocolos producto de la pandemia ya que\nsi bien hemos logrado un control no podemos confiarnos, esta enfermedad no la\nconocemos. Por ejemplo en cuanto a las residencias sanitarias, conozco varias\nfamilias que se contagiaron con COVID y a ninguna de ellas, pese a ser &nbsp;numerosas y vivir en casas peque\u00f1as, se les\nofreci\u00f3 la posibilidad de una residencia sanitaria. Por otro lado vimos que lleg\u00f3\ndesde Santiago un avi\u00f3n lleno de pasajeros y todos dieron cuenta que no se\ncumpli\u00f3 el distanciamiento,&nbsp; &nbsp;entonces uno se pregunta, la seremi tiene\ncontacto con las aerol\u00edneas. Estamos bien con las cifras y ojal\u00e1 nos mantengamos\npero no podemos descuidarnos en estos temas ya que es la \u00fanica forma de cuidar\na la gente de la regi\u00f3n\u201d, asegur\u00f3. <\/p>\n\n\n\n<p>Finalmente el consejero, Ram\u00f3n\nLobos, concluy\u00f3 \u201cesta reuni\u00f3n era importante por el momento que estamos\nviviendo dentro de la pandemia y por los montos que se han aprobado para operativizar\nuna mejor respuesta del sistema de Salud tanto en la atenci\u00f3n como en la\nfiscalizaci\u00f3n. Nosotros como consejo regional, si bien tomamos decisiones de corte\npol\u00edtico tambi\u00e9n tenemos relaci\u00f3n con la ciudadan\u00eda en cada territorio y sabemos\nlo que la calle esta preguntado. Temas como las normativas en torno a la\ndefinici\u00f3n de los casos o cuales son las facilidades para llevar adelante la\ncuarentena, las licencias m\u00e9dicas. La comunidad pide informaci\u00f3n d\u00eda a d\u00eda para\nsentirse m\u00e1s tranquilos y ello esta expresado en una serie de datos como el n\u00famero\nde casos, en qu\u00e9 sectores se ubican y cifras comunales que todav\u00eda no se\nentregan en Magallanes\u201d, concluy\u00f3 el consejero Lobos. <\/p>\n","protected":false},"excerpt":{"rendered":"<p>Con el objetivo de ilustrarse e intentar dar &nbsp;respuesta a numerosas inquietudes planteadas por la comunidad referidas a la aplicaci\u00f3n de protocolos, seguimiento a los casos positivos a Covid -19&#8230; <a class=\"read-more\" href=\"https:\/\/www.radiopresidenteibanez.cl\/web\/consejeros-regionales-plantean-a-profesionales-de-la-seremi-de-salud-inquietudes-referidas-a-medidas-sanitarias-y-protocolos-covid-19-en-magallanes\/\">Leer m\u00e1s<\/a><\/p>\n","protected":false},"author":2,"featured_media":12498,"comment_status":"closed","ping_status":"closed","sticky":false,"template":"","format":"standard","meta":{"footnotes":""},"categories":[1],"tags":[],"class_list":["post-12497","post","type-post","status-publish","format-standard","has-post-thumbnail","hentry","category-cronica"],"_links":{"self":[{"href":"https:\/\/www.radiopresidenteibanez.cl\/web\/wp-json\/wp\/v2\/posts\/12497","targetHints":{"allow":["GET"]}}],"collection":[{"href":"https:\/\/www.radiopresidenteibanez.cl\/web\/wp-json\/wp\/v2\/posts"}],"about":[{"href":"https:\/\/www.radiopresidenteibanez.cl\/web\/wp-json\/wp\/v2\/types\/post"}],"author":[{"embeddable":true,"href":"https:\/\/www.radiopresidenteibanez.cl\/web\/wp-json\/wp\/v2\/users\/2"}],"replies":[{"embeddable":true,"href":"https:\/\/www.radiopresidenteibanez.cl\/web\/wp-json\/wp\/v2\/comments?post=12497"}],"version-history":[{"count":0,"href":"https:\/\/www.radiopresidenteibanez.cl\/web\/wp-json\/wp\/v2\/posts\/12497\/revisions"}],"wp:featuredmedia":[{"embeddable":true,"href":"https:\/\/www.radiopresidenteibanez.cl\/web\/wp-json\/wp\/v2\/media\/12498"}],"wp:attachment":[{"href":"https:\/\/www.radiopresidenteibanez.cl\/web\/wp-json\/wp\/v2\/media?parent=12497"}],"wp:term":[{"taxonomy":"category","embeddable":true,"href":"https:\/\/www.radiopresidenteibanez.cl\/web\/wp-json\/wp\/v2\/categories?post=12497"},{"taxonomy":"post_tag","embeddable":true,"href":"https:\/\/www.radiopresidenteibanez.cl\/web\/wp-json\/wp\/v2\/tags?post=12497"}],"curies":[{"name":"wp","href":"https:\/\/api.w.org\/{rel}","templated":true}]}}