{"id":12494,"date":"2020-06-07T15:46:31","date_gmt":"2020-06-07T15:46:31","guid":{"rendered":"https:\/\/www.radiopresidenteibanez.cl\/web\/?p=12494"},"modified":"2020-06-07T15:46:35","modified_gmt":"2020-06-07T15:46:35","slug":"concejales-de-la-region-de-magallanes-se-reunieron-para-discutir-y-analizar-reciente-aprobacion-al-limite-de-reeleccion","status":"publish","type":"post","link":"https:\/\/www.radiopresidenteibanez.cl\/web\/concejales-de-la-region-de-magallanes-se-reunieron-para-discutir-y-analizar-reciente-aprobacion-al-limite-de-reeleccion\/","title":{"rendered":"CONCEJALES DE LA REGI\u00d3N DE MAGALLANES SE REUNIERON PARA DISCUTIR Y ANALIZAR RECIENTE APROBACI\u00d3N AL LIMITE DE REELECCI\u00d3N"},"content":{"rendered":"\n<p>Concejales de\nlas diversas comunas de la regi\u00f3n se reunieron este viernes con el presidente\nde la Asociaci\u00f3n de Municipalidades de Magallanes y alcalde de la comuna de\nNatales Fernando Paredes Mansilla a trav\u00e9s de un encuentro en video\nconferencia.<\/p>\n\n\n\n<p>El prop\u00f3sito\ndel encuentro fue analizar y debatir sobre el tema actual del l\u00edmite a la\nreelecci\u00f3n de parlamentarios y que involucra a su vez, a alcaldes, concejales y\nconsejeros regionales. De acuerdo a lo informado por el presidente, se\u00f1al\u00f3 que\nla conclusi\u00f3n de este encuentro y lo manifestado por los propios concejales fue\nde, \u201cacatar la decisi\u00f3n y el acuerdo hecho por el parlamento y no hacer ninguna\nacci\u00f3n que permita revertir dicha votaci\u00f3n efectuada por el senado\u201d.<\/p>\n\n\n\n<p>Paredes destac\u00f3\nque dicha aprobaci\u00f3n va en sinton\u00eda con lo que actualmente est\u00e1 planteando la\nciudadan\u00eda, el hecho que busca la no reelecci\u00f3n por m\u00e1s de tres periodos fue\ncompartido y analizado en este encuentro de dialogo entre concejales y el\npropio presidente, se\u00f1alando que la asociaci\u00f3n magall\u00e1nica respeta dicha\ndecisi\u00f3n que ha sido el principal foco de discusi\u00f3n entre las comunidades.<\/p>\n\n\n\n<p>Indic\u00f3 adem\u00e1s\nel Alcalde de Natales que esta conversaci\u00f3n era importante y necesaria, donde\nen su mayor\u00eda los concejales buscaban la instancia para discutir sobre este\ntema tan relevante en estos d\u00edas a nivel pa\u00eds.<\/p>\n\n\n\n<p>Finalmente\nParedes puntualiz\u00f3 que los concejales y concejalas de la regi\u00f3n reafirmaron su\ncompromiso por continuar trabajando en diversos temas que requieren urgencia y\nque tiene relaci\u00f3n a la actual situaci\u00f3n que afecta a la regi\u00f3n y el pa\u00eds, para\npoder ayudar, apoyar y salir adelante en esta emergencia sanitaria.<\/p>\n","protected":false},"excerpt":{"rendered":"<p>Concejales de las diversas comunas de la regi\u00f3n se reunieron este viernes con el presidente de la Asociaci\u00f3n de Municipalidades de Magallanes y alcalde de la comuna de Natales Fernando&#8230; <a class=\"read-more\" href=\"https:\/\/www.radiopresidenteibanez.cl\/web\/concejales-de-la-region-de-magallanes-se-reunieron-para-discutir-y-analizar-reciente-aprobacion-al-limite-de-reeleccion\/\">Leer m\u00e1s<\/a><\/p>\n","protected":false},"author":2,"featured_media":12495,"comment_status":"closed","ping_status":"closed","sticky":false,"template":"","format":"standard","meta":{"footnotes":""},"categories":[1],"tags":[],"class_list":["post-12494","post","type-post","status-publish","format-standard","has-post-thumbnail","hentry","category-cronica"],"_links":{"self":[{"href":"https:\/\/www.radiopresidenteibanez.cl\/web\/wp-json\/wp\/v2\/posts\/12494","targetHints":{"allow":["GET"]}}],"collection":[{"href":"https:\/\/www.radiopresidenteibanez.cl\/web\/wp-json\/wp\/v2\/posts"}],"about":[{"href":"https:\/\/www.radiopresidenteibanez.cl\/web\/wp-json\/wp\/v2\/types\/post"}],"author":[{"embeddable":true,"href":"https:\/\/www.radiopresidenteibanez.cl\/web\/wp-json\/wp\/v2\/users\/2"}],"replies":[{"embeddable":true,"href":"https:\/\/www.radiopresidenteibanez.cl\/web\/wp-json\/wp\/v2\/comments?post=12494"}],"version-history":[{"count":0,"href":"https:\/\/www.radiopresidenteibanez.cl\/web\/wp-json\/wp\/v2\/posts\/12494\/revisions"}],"wp:featuredmedia":[{"embeddable":true,"href":"https:\/\/www.radiopresidenteibanez.cl\/web\/wp-json\/wp\/v2\/media\/12495"}],"wp:attachment":[{"href":"https:\/\/www.radiopresidenteibanez.cl\/web\/wp-json\/wp\/v2\/media?parent=12494"}],"wp:term":[{"taxonomy":"category","embeddable":true,"href":"https:\/\/www.radiopresidenteibanez.cl\/web\/wp-json\/wp\/v2\/categories?post=12494"},{"taxonomy":"post_tag","embeddable":true,"href":"https:\/\/www.radiopresidenteibanez.cl\/web\/wp-json\/wp\/v2\/tags?post=12494"}],"curies":[{"name":"wp","href":"https:\/\/api.w.org\/{rel}","templated":true}]}}