{"id":12491,"date":"2020-06-07T15:43:57","date_gmt":"2020-06-07T15:43:57","guid":{"rendered":"https:\/\/www.radiopresidenteibanez.cl\/web\/?p=12491"},"modified":"2020-06-07T15:44:02","modified_gmt":"2020-06-07T15:44:02","slug":"con-exito-culmino-la-entrega-de-las-primeras-1200-canastas-familiares-con-aportes-privados-y-municipales-en-puerto-natales","status":"publish","type":"post","link":"https:\/\/www.radiopresidenteibanez.cl\/web\/con-exito-culmino-la-entrega-de-las-primeras-1200-canastas-familiares-con-aportes-privados-y-municipales-en-puerto-natales\/","title":{"rendered":"CON \u00c9XITO CULMIN\u00d3 LA ENTREGA DE LAS PRIMERAS 1200 CANASTAS FAMILIARES CON APORTES PRIVADOS Y MUNICIPALES EN PUERTO NATALES"},"content":{"rendered":"\n<p>El alcalde de\nla comuna, junto al gobernador de la provincia&nbsp;\ny el comandante del Destacamento N\u00b05 Lanceros, entregaron un balance de\nla finalizaci\u00f3n de la entrega de cajas de alimentos a los vecinos m\u00e1s\nvulnerables de Puerto Natales.<\/p>\n\n\n\n<p>Durante cinco\nd\u00edas, los funcionarios municipales y militares, entregaron a domicilio 1200\ncanastas familiares, las que consideran \u00fatiles de aseo, alimentos no perecibles\ny verduras.<\/p>\n\n\n\n<p>&nbsp;El jefe comunal, Fernando Paredes Mansilla, agradeci\u00f3\nen primer t\u00e9rmino a los funcionarios que participaron en esta cruzada. \u201cEs\nmomento de agradecer a todos los funcionarios y funcionarias de la\nMunicipalidad de Natales, de la gobernaci\u00f3n provincial de \u00daltima Esperanza y al\npersonal del Destacamento Acorazado N\u00b05 Lanceros. Son funcionarios que se han\npuesto a disposici\u00f3n de un tremendo sistema que hemos llevado a cabo, donde\ntodos los d\u00edas se ha desplegado por la ciudad de Natales a lo menos diez\nequipos con personal para poder entregar estas canastas de alimentos\u201d.<\/p>\n\n\n\n<p>Asimismo,\nFernando Paredes Mansilla, se\u00f1al\u00f3 que \u201ceste es un proceso que hoy d\u00eda lo\nestamos terminando para poder testimoniar el trabajo que se ha hecho en conjunto\ncon el sector privado, el municipio y las instituciones ya mencionadas\u201d.\nAdem\u00e1s, el edil aprovech\u00f3 la instancia para informar de la entrega de kits de\naseo. \u201cLa pr\u00f3xima semana parte la entrega de materiales de aseo y kits\nsanitarios, ah\u00ed vamos a ver el trabajo de la institucionalidad p\u00fablica en donde\nnos acompa\u00f1ar\u00e1n los consejeros regionales y parte del gobierno regional\u201d.<\/p>\n\n\n\n<p>&nbsp;En tanto, Ra\u00fal Suazo, gobernador de la\nprovincia de \u00daltima Esperanza, agradeci\u00f3 a las empresas que apoyaron. \u201cEl mundo\nprivado hoy d\u00eda pudo conectar muy bien con el sector p\u00fablico y muy bien con las\ndemandas ciudadanas\u201d. Adem\u00e1s, recalc\u00f3 que la ayuda lleg\u00f3 a cada una de las\ncasas de los vecinos de Natales, \u201cesta ayuda lleg\u00f3 a cada hogar, las personas\nno tuvieron que trasladarse ni desplazarse para lograr obtener estas canastas\u201d.\n<\/p>\n\n\n\n<p>Por su parte,\nel comandante del Destacamento Acorazado N\u00b05 Lanceros, se\u00f1al\u00f3 que es un orgullo\npara el Ej\u00e9rcito ser parte de esta campa\u00f1a. \u201cAgradecer a quienes integran el Destacamento\nLanceros y su respectiva familia, y tambi\u00e9n por el esfuerzo que desarrollaron\npara poder entregar canastas que van en beneficio de la poblaci\u00f3n, lo que\nindica que como Ej\u00e9rcito y como Destacamento estamos integrados profundamente\ncon la comunidad natalina\u201d.<\/p>\n\n\n\n<p>Estas ayudas fueron\nrecibidas por m\u00e1s de 5 mil personas que est\u00e1n en condici\u00f3n de vulnerabilidad, gracias\nal apoyo de las empresas privadas, Ebco sur, AcuaChile, SalfaCorp, Skorpios,\nAustralis Seafood, Concremag, Multiexport y el Instituto de Seguridad del\nTrabajo.<\/p>\n","protected":false},"excerpt":{"rendered":"<p>El alcalde de la comuna, junto al gobernador de la provincia&nbsp; y el comandante del Destacamento N\u00b05 Lanceros, entregaron un balance de la finalizaci\u00f3n de la entrega de cajas de&#8230; <a class=\"read-more\" href=\"https:\/\/www.radiopresidenteibanez.cl\/web\/con-exito-culmino-la-entrega-de-las-primeras-1200-canastas-familiares-con-aportes-privados-y-municipales-en-puerto-natales\/\">Leer m\u00e1s<\/a><\/p>\n","protected":false},"author":2,"featured_media":12492,"comment_status":"closed","ping_status":"closed","sticky":false,"template":"","format":"standard","meta":{"footnotes":""},"categories":[1],"tags":[],"class_list":["post-12491","post","type-post","status-publish","format-standard","has-post-thumbnail","hentry","category-cronica"],"_links":{"self":[{"href":"https:\/\/www.radiopresidenteibanez.cl\/web\/wp-json\/wp\/v2\/posts\/12491","targetHints":{"allow":["GET"]}}],"collection":[{"href":"https:\/\/www.radiopresidenteibanez.cl\/web\/wp-json\/wp\/v2\/posts"}],"about":[{"href":"https:\/\/www.radiopresidenteibanez.cl\/web\/wp-json\/wp\/v2\/types\/post"}],"author":[{"embeddable":true,"href":"https:\/\/www.radiopresidenteibanez.cl\/web\/wp-json\/wp\/v2\/users\/2"}],"replies":[{"embeddable":true,"href":"https:\/\/www.radiopresidenteibanez.cl\/web\/wp-json\/wp\/v2\/comments?post=12491"}],"version-history":[{"count":0,"href":"https:\/\/www.radiopresidenteibanez.cl\/web\/wp-json\/wp\/v2\/posts\/12491\/revisions"}],"wp:featuredmedia":[{"embeddable":true,"href":"https:\/\/www.radiopresidenteibanez.cl\/web\/wp-json\/wp\/v2\/media\/12492"}],"wp:attachment":[{"href":"https:\/\/www.radiopresidenteibanez.cl\/web\/wp-json\/wp\/v2\/media?parent=12491"}],"wp:term":[{"taxonomy":"category","embeddable":true,"href":"https:\/\/www.radiopresidenteibanez.cl\/web\/wp-json\/wp\/v2\/categories?post=12491"},{"taxonomy":"post_tag","embeddable":true,"href":"https:\/\/www.radiopresidenteibanez.cl\/web\/wp-json\/wp\/v2\/tags?post=12491"}],"curies":[{"name":"wp","href":"https:\/\/api.w.org\/{rel}","templated":true}]}}