{"id":12488,"date":"2020-06-07T15:39:29","date_gmt":"2020-06-07T15:39:29","guid":{"rendered":"https:\/\/www.radiopresidenteibanez.cl\/web\/?p=12488"},"modified":"2020-06-07T15:39:33","modified_gmt":"2020-06-07T15:39:33","slug":"municipalidad-de-natales-realiza-el-lanzamiento-de-las-actividades-preparadas-para-el-mes-del-medio-ambiente","status":"publish","type":"post","link":"https:\/\/www.radiopresidenteibanez.cl\/web\/municipalidad-de-natales-realiza-el-lanzamiento-de-las-actividades-preparadas-para-el-mes-del-medio-ambiente\/","title":{"rendered":"MUNICIPALIDAD DE NATALES REALIZA EL LANZAMIENTO DE LAS ACTIVIDADES PREPARADAS PARA EL MES DEL MEDIO AMBIENTE"},"content":{"rendered":"\n<p>Establecido\npor la Organizaci\u00f3n de las Naciones Unidas en 1977, cada 5 de junio se\nconmemora a nivel internacional el d\u00eda del medio ambiente y la Ilustre\nMunicipalidad de Natales instaur\u00f3 el mes de junio para crear conciencia y\nfomentar el cuidado de nuestro entorno a trav\u00e9s de distintas actividades que\npodr\u00e1n participar los vecinos de Natales. <\/p>\n\n\n\n<p>La m\u00e1xima\nautoridad comunal, Fernando Paredes Mansilla, acompa\u00f1ado del concejo municipal\ny la encargada de la unidad de medio ambiente, dieron el vamos al mes del medio\nambiente invitando a la comunidad a participar en familia de las distintas\nmedidas que ofrece el municipio para el cuidado del planeta. <\/p>\n\n\n\n<p>El alcalde de\nNatales, se\u00f1al\u00f3 que \u201cA pesar de estar en una emergencia sanitaria, este mes de\njunio vamos a generar actividades y dos muy potentes, para poder hacer\nparticipar a nuestra comunidad y que finalmente celebremos este importante d\u00eda\nque es el d\u00eda mundial del medio ambiente\u201d. <\/p>\n\n\n\n<p>La encargada\nde la unidad de medio ambiente, aseo y ornato del municipio, Fabiola Vigar, inform\u00f3\nque la primera actividad tiene que ver con un concurso familiar en donde deben\nmostrar a trav\u00e9s de un registro audiovisual alguna iniciativa con el cuidado\ndel medio ambiente. La funcionaria municipal inform\u00f3 que \u201ccon respecto a los\nv\u00eddeos, el grupo familiar puede enviar cualquier acci\u00f3n que ellos colaboren con\nel cuidado del medio ambiente, puede ser compostaje, teniendo una huerta\nfamiliar, separando su basura o cualquier acci\u00f3n que ellos crean que aportan al\ncuidado del medio ambiente\u201d.<\/p>\n\n\n\n<p>Por otra\nparte, est\u00e1 la iniciativa \u201cYo Reciclo desde Casa\u201d la cual consiste que el tren\nde reciclaje recorrer\u00e1 las calles de la ciudad para retirar cierto tipo de\nmateriales desde los hogares debido a la contingencia sanitaria que afecta al\npa\u00eds. <\/p>\n\n\n\n<p>Finalmente, el\njefe comunal recalc\u00f3 la invitaci\u00f3n a la comunidad natalina, y precis\u00f3 que\n\u201cinvitamos a todos los habitantes de Puerto Natales a que nos ayuden a\nreciclar, que ojal\u00e1 hagamos un ejercicio este mes de junio de ver c\u00f3mo somos\ncapaces en nuestras casas de reciclar, como juntar las botellas de pl\u00e1stico o\nver otras formas interesantes de poder reciclar\u201d. <\/p>\n\n\n\n<p>Para m\u00e1s\ninformaci\u00f3n respecto a las bases del concurso o inscripci\u00f3n a&nbsp; \u201cYo Reciclo desde Casa\u201d deben ingresar a la\np\u00e1gina web del municipio, <a href=\"http:\/\/www.muninatales.cl\">www.muninatales.cl<\/a>\no llamando al 612 410864 de lunes a viernes de 08:00 a 13:00 horas.<\/p>\n","protected":false},"excerpt":{"rendered":"<p>Establecido por la Organizaci\u00f3n de las Naciones Unidas en 1977, cada 5 de junio se conmemora a nivel internacional el d\u00eda del medio ambiente y la Ilustre Municipalidad de Natales&#8230; <a class=\"read-more\" href=\"https:\/\/www.radiopresidenteibanez.cl\/web\/municipalidad-de-natales-realiza-el-lanzamiento-de-las-actividades-preparadas-para-el-mes-del-medio-ambiente\/\">Leer m\u00e1s<\/a><\/p>\n","protected":false},"author":2,"featured_media":12489,"comment_status":"closed","ping_status":"closed","sticky":false,"template":"","format":"standard","meta":{"footnotes":""},"categories":[1],"tags":[],"class_list":["post-12488","post","type-post","status-publish","format-standard","has-post-thumbnail","hentry","category-cronica"],"_links":{"self":[{"href":"https:\/\/www.radiopresidenteibanez.cl\/web\/wp-json\/wp\/v2\/posts\/12488","targetHints":{"allow":["GET"]}}],"collection":[{"href":"https:\/\/www.radiopresidenteibanez.cl\/web\/wp-json\/wp\/v2\/posts"}],"about":[{"href":"https:\/\/www.radiopresidenteibanez.cl\/web\/wp-json\/wp\/v2\/types\/post"}],"author":[{"embeddable":true,"href":"https:\/\/www.radiopresidenteibanez.cl\/web\/wp-json\/wp\/v2\/users\/2"}],"replies":[{"embeddable":true,"href":"https:\/\/www.radiopresidenteibanez.cl\/web\/wp-json\/wp\/v2\/comments?post=12488"}],"version-history":[{"count":0,"href":"https:\/\/www.radiopresidenteibanez.cl\/web\/wp-json\/wp\/v2\/posts\/12488\/revisions"}],"wp:featuredmedia":[{"embeddable":true,"href":"https:\/\/www.radiopresidenteibanez.cl\/web\/wp-json\/wp\/v2\/media\/12489"}],"wp:attachment":[{"href":"https:\/\/www.radiopresidenteibanez.cl\/web\/wp-json\/wp\/v2\/media?parent=12488"}],"wp:term":[{"taxonomy":"category","embeddable":true,"href":"https:\/\/www.radiopresidenteibanez.cl\/web\/wp-json\/wp\/v2\/categories?post=12488"},{"taxonomy":"post_tag","embeddable":true,"href":"https:\/\/www.radiopresidenteibanez.cl\/web\/wp-json\/wp\/v2\/tags?post=12488"}],"curies":[{"name":"wp","href":"https:\/\/api.w.org\/{rel}","templated":true}]}}