{"id":12482,"date":"2020-06-07T15:35:08","date_gmt":"2020-06-07T15:35:08","guid":{"rendered":"https:\/\/www.radiopresidenteibanez.cl\/web\/?p=12482"},"modified":"2020-06-07T15:35:13","modified_gmt":"2020-06-07T15:35:13","slug":"gobierno-regional-entrega-cajas-de-alimentos-a-personas-vulnerables-de-punta-arenas","status":"publish","type":"post","link":"https:\/\/www.radiopresidenteibanez.cl\/web\/gobierno-regional-entrega-cajas-de-alimentos-a-personas-vulnerables-de-punta-arenas\/","title":{"rendered":"GOBIERNO REGIONAL ENTREGA CAJAS DE ALIMENTOS  A PERSONAS VULNERABLES DE PUNTA ARENAS"},"content":{"rendered":"\n<p>El intendente Jos\u00e9 Fern\u00e1ndez junto a parte de su\ngabinete regional entreg\u00f3 50 cajas del plan del gobierno \u201cAlimentos para\nChile\u201d, a personas vulnerables de Punta Arenas, espec\u00edficamente adultos\nmayores. <\/p>\n\n\n\n<p>En ese sentido, la autoridad regional destac\u00f3 el\nesfuerzo log\u00edstico y de coordinaci\u00f3n de todas las instituciones involucradas en\nla entrega de \u00e9sta ayuda para quienes no lo est\u00e1n pasando bien producto de la\ncrisis social y econ\u00f3mica que tambi\u00e9n ha provocado la pandemia. <\/p>\n\n\n\n<p>\u201cHemos estado entregando las cajas con alimentos que\nfueron financiadas con los fondos regionales otorgados por el Consejo Regional\ny a ello se suma el aporte de los privados, quienes tambi\u00e9n se han hecho\npresente con ayuda en estos momentos. Principalmente le entregamos las cajas a\nlos adultos mayores que no cuentan con redes de apoyo o no pueden salir\u201d,\nse\u00f1al\u00f3 el intendente Fern\u00e1ndez. <\/p>\n\n\n\n<p>El operativo de entrega de las cajas cont\u00f3 con la\nayuda de personal del Comando Conjunto Austral, quienes se encargaron de\nefectuar el trabajo log\u00edstico para llegar a las viviendas de las personas que\nrecibieron los alimentos y, en algunos casos, pa\u00f1ales.<\/p>\n\n\n\n<p>La seremi de Gobierno, Alejandra Mu\u00f1oz, manifest\u00f3 que\n\u201cllegar a cada persona o familia que lo necesita en este momento es un desaf\u00edo\nenorme, por eso todas las entidades involucradas trabajan incansablemente para\nentregar la ayuda oportunamente, y en ese sentido, no solo hay un compromiso\ndel gobierno, sino tambi\u00e9n de las Fuerzas Armadas y del aporte generoso que\nrealizan privados\u201d.<\/p>\n","protected":false},"excerpt":{"rendered":"<p>El intendente Jos\u00e9 Fern\u00e1ndez junto a parte de su gabinete regional entreg\u00f3 50 cajas del plan del gobierno \u201cAlimentos para Chile\u201d, a personas vulnerables de Punta Arenas, espec\u00edficamente adultos mayores&#8230;. <a class=\"read-more\" href=\"https:\/\/www.radiopresidenteibanez.cl\/web\/gobierno-regional-entrega-cajas-de-alimentos-a-personas-vulnerables-de-punta-arenas\/\">Leer m\u00e1s<\/a><\/p>\n","protected":false},"author":2,"featured_media":12483,"comment_status":"closed","ping_status":"closed","sticky":false,"template":"","format":"standard","meta":{"footnotes":""},"categories":[1],"tags":[],"class_list":["post-12482","post","type-post","status-publish","format-standard","has-post-thumbnail","hentry","category-cronica"],"_links":{"self":[{"href":"https:\/\/www.radiopresidenteibanez.cl\/web\/wp-json\/wp\/v2\/posts\/12482","targetHints":{"allow":["GET"]}}],"collection":[{"href":"https:\/\/www.radiopresidenteibanez.cl\/web\/wp-json\/wp\/v2\/posts"}],"about":[{"href":"https:\/\/www.radiopresidenteibanez.cl\/web\/wp-json\/wp\/v2\/types\/post"}],"author":[{"embeddable":true,"href":"https:\/\/www.radiopresidenteibanez.cl\/web\/wp-json\/wp\/v2\/users\/2"}],"replies":[{"embeddable":true,"href":"https:\/\/www.radiopresidenteibanez.cl\/web\/wp-json\/wp\/v2\/comments?post=12482"}],"version-history":[{"count":0,"href":"https:\/\/www.radiopresidenteibanez.cl\/web\/wp-json\/wp\/v2\/posts\/12482\/revisions"}],"wp:featuredmedia":[{"embeddable":true,"href":"https:\/\/www.radiopresidenteibanez.cl\/web\/wp-json\/wp\/v2\/media\/12483"}],"wp:attachment":[{"href":"https:\/\/www.radiopresidenteibanez.cl\/web\/wp-json\/wp\/v2\/media?parent=12482"}],"wp:term":[{"taxonomy":"category","embeddable":true,"href":"https:\/\/www.radiopresidenteibanez.cl\/web\/wp-json\/wp\/v2\/categories?post=12482"},{"taxonomy":"post_tag","embeddable":true,"href":"https:\/\/www.radiopresidenteibanez.cl\/web\/wp-json\/wp\/v2\/tags?post=12482"}],"curies":[{"name":"wp","href":"https:\/\/api.w.org\/{rel}","templated":true}]}}