{"id":12480,"date":"2020-06-07T15:33:02","date_gmt":"2020-06-07T15:33:02","guid":{"rendered":"https:\/\/www.radiopresidenteibanez.cl\/web\/?p=12480"},"modified":"2020-06-07T15:33:06","modified_gmt":"2020-06-07T15:33:06","slug":"vecinos-de-punta-arenas-podran-actualizar-o-acceder-por-primera-vez-al-registro-social-de-hogares-de-manera-presencial-y-por-medio-de-una-actividad-en-terreno-entre-el-municipio-y-el-registro-civil","status":"publish","type":"post","link":"https:\/\/www.radiopresidenteibanez.cl\/web\/vecinos-de-punta-arenas-podran-actualizar-o-acceder-por-primera-vez-al-registro-social-de-hogares-de-manera-presencial-y-por-medio-de-una-actividad-en-terreno-entre-el-municipio-y-el-registro-civil\/","title":{"rendered":"VECINOS DE PUNTA ARENAS, PODR\u00c1N ACTUALIZAR O ACCEDER POR PRIMERA VEZ AL REGISTRO SOCIAL DE HOGARES, DE MANERA PRESENCIAL Y POR MEDIO DE UNA ACTIVIDAD EN TERRENO ENTRE EL MUNICIPIO Y EL REGISTRO CIVIL"},"content":{"rendered":"\n<p>Hace un par de semanas, la Concejala Ver\u00f3nica Aguilar, recibi\u00f3 la solicitud de la Uni\u00f3n Comunal Hernando de Magallanes, que preside Raquel \u00c1lvarez, con respecto a la situaci\u00f3n que viven &nbsp;m\u00e1s de 400 familias de Punta Arenas, que no cuentan con Registro Social de Hogares, o que no han podido registrar la actualizaci\u00f3n pertinente.<\/p>\n\n\n\n<p>Este documento es imprescindible para poder postular a los beneficios que hoy el gobierno est\u00e1 entregando como el bono covid o el ingreso de emergencia.<\/p>\n\n\n\n<p>En ese sentido es que la Concejala Aguilar, hab\u00eda solicitado al Alcalde la posibilidad de generar un operativo que permita poder atender de manera presencial estas solicitudes, considerando que hay muchos vecinos que no cuentan con internet como para poder acceder a la p\u00e1gina correspondiente.<\/p>\n\n\n\n<p>Es as\u00ed que en sesi\u00f3n extraordinaria de Concejo Municipal, en donde se estaba analizando las ayudas sociales que entrega el Municipio, el alcalde se\u00f1alo que desde este lunes se dara a conocer un calendario de atenci\u00f3n &nbsp;que se llevara a cabo en conjunto con Dideco y Registro Civil, para que nuestros vecinos puedan realizar este tramite.<\/p>\n\n\n\n<p>La Concejala Aguilar, agradeci\u00f3 la gesti\u00f3n, pues hoy mas que nunca necesitamos que muchas familias puedan actualizar sus datos, o inscribirse por primera vez, se\u00f1alo que hoy el panorama social ha cambiado dr\u00e1sticamente en la comuna, hay mayor cesantia, y muchos trabajadores independientes no han podido acceder a ning\u00fan beneficio por no contar con este documento.<\/p>\n\n\n\n<p>Insistio la concejala Veronica Aguilar, que esta herramienta del estado, es tremendamente discriminadora, que ha llegado la hora que se revise este registro, que se haga con mirada territorial, pues no se puede tener un solo instrumento que mida las condiciones sociales, ya que las necesidades son diferentes de acuerdo a las regiones, \u201cEste documento centralizado no mide la realidad local de las regiones, es necesario que tenga una mirada, al menos, territorial\u201d, dijo Aguilar.<\/p>\n\n\n\n<p>Para quienes tengan consultas con el Registro Social de hogares, pueden enviar un correo electr\u00f3nico a&nbsp;<a href=\"mailto:consultasrsh@e-puntaarenas.cl\" target=\"_blank\" rel=\"noreferrer noopener\">consultasrsh@e-puntaarenas.cl<\/a>&nbsp;o llamar a los celulares 989305432 o 961219293<\/p>\n","protected":false},"excerpt":{"rendered":"<p>Hace un par de semanas, la Concejala Ver\u00f3nica Aguilar, recibi\u00f3 la solicitud de la Uni\u00f3n Comunal Hernando de Magallanes, que preside Raquel \u00c1lvarez, con respecto a la situaci\u00f3n que viven&#8230; <a class=\"read-more\" href=\"https:\/\/www.radiopresidenteibanez.cl\/web\/vecinos-de-punta-arenas-podran-actualizar-o-acceder-por-primera-vez-al-registro-social-de-hogares-de-manera-presencial-y-por-medio-de-una-actividad-en-terreno-entre-el-municipio-y-el-registro-civil\/\">Leer m\u00e1s<\/a><\/p>\n","protected":false},"author":2,"featured_media":5663,"comment_status":"closed","ping_status":"closed","sticky":false,"template":"","format":"standard","meta":{"footnotes":""},"categories":[1],"tags":[],"class_list":["post-12480","post","type-post","status-publish","format-standard","has-post-thumbnail","hentry","category-cronica"],"_links":{"self":[{"href":"https:\/\/www.radiopresidenteibanez.cl\/web\/wp-json\/wp\/v2\/posts\/12480","targetHints":{"allow":["GET"]}}],"collection":[{"href":"https:\/\/www.radiopresidenteibanez.cl\/web\/wp-json\/wp\/v2\/posts"}],"about":[{"href":"https:\/\/www.radiopresidenteibanez.cl\/web\/wp-json\/wp\/v2\/types\/post"}],"author":[{"embeddable":true,"href":"https:\/\/www.radiopresidenteibanez.cl\/web\/wp-json\/wp\/v2\/users\/2"}],"replies":[{"embeddable":true,"href":"https:\/\/www.radiopresidenteibanez.cl\/web\/wp-json\/wp\/v2\/comments?post=12480"}],"version-history":[{"count":0,"href":"https:\/\/www.radiopresidenteibanez.cl\/web\/wp-json\/wp\/v2\/posts\/12480\/revisions"}],"wp:featuredmedia":[{"embeddable":true,"href":"https:\/\/www.radiopresidenteibanez.cl\/web\/wp-json\/wp\/v2\/media\/5663"}],"wp:attachment":[{"href":"https:\/\/www.radiopresidenteibanez.cl\/web\/wp-json\/wp\/v2\/media?parent=12480"}],"wp:term":[{"taxonomy":"category","embeddable":true,"href":"https:\/\/www.radiopresidenteibanez.cl\/web\/wp-json\/wp\/v2\/categories?post=12480"},{"taxonomy":"post_tag","embeddable":true,"href":"https:\/\/www.radiopresidenteibanez.cl\/web\/wp-json\/wp\/v2\/tags?post=12480"}],"curies":[{"name":"wp","href":"https:\/\/api.w.org\/{rel}","templated":true}]}}