{"id":12475,"date":"2020-06-05T14:54:00","date_gmt":"2020-06-05T14:54:00","guid":{"rendered":"https:\/\/www.radiopresidenteibanez.cl\/web\/?p=12475"},"modified":"2020-06-05T14:54:04","modified_gmt":"2020-06-05T14:54:04","slug":"consejeros-regionales-se-reunieron-con-diplader-y-departamento-social-de-intendencia-para-conocer-avances-en-ejecucion-de-los-recursos-destinados-a-mitigar-efectos-socioeconomicos-del-covid-19","status":"publish","type":"post","link":"https:\/\/www.radiopresidenteibanez.cl\/web\/consejeros-regionales-se-reunieron-con-diplader-y-departamento-social-de-intendencia-para-conocer-avances-en-ejecucion-de-los-recursos-destinados-a-mitigar-efectos-socioeconomicos-del-covid-19\/","title":{"rendered":"CONSEJEROS REGIONALES SE REUNIERON CON DIPLADER Y DEPARTAMENTO SOCIAL DE INTENDENCIA PARA CONOCER AVANCES EN EJECUCI\u00d3N DE LOS RECURSOS DESTINADOS A MITIGAR EFECTOS SOCIOECON\u00d3MICOS DEL COVID-19"},"content":{"rendered":"\n<p>A fin de conocer el avance en la ejecuci\u00f3n del 6%\nFNDR Social de asignaci\u00f3n directa y del 5% FNDR destinado a Emergencia traspasado\na Gobierno Interior, los integrantes del CORE se reunieron este\nmi\u00e9rcoles por medio de videoconferencia, con el jefe de la Divisi\u00f3n de Planificaci\u00f3n\ny Desarrollo Regional (DIPLADER),Juan Carlos Oyarz\u00fan y con la jefa del\nDepartamento Social de Gobierno Interior, Gloria Brignardello.<\/p>\n\n\n\n<p>En la instancia &nbsp;convocada por la comisi\u00f3n Social, los\nconsejeros solicitaron entre otros temas, informaci\u00f3n respecto al porcentaje y\nmontos de distribuci\u00f3n de los recursos por provincia y comuna, iniciativas\naprobadas, instituciones sin fines de lucro favorecidas, segmento de la\npoblaci\u00f3n beneficiada y necesidades que se pretenden solventar por estas v\u00edas\nde financiamiento.<\/p>\n\n\n\n<p>Seg\u00fan coment\u00f3 el presidente de\nla comisi\u00f3n Social, Juan Vukusich, en el Fondo 6% se ha avanzado con la\nadquisici\u00f3n de implementos, cubriendo diversas necesidades por intermedio de\nfundaciones, corporaciones y voluntariado. \u201cSe han logrado cosas realmente valiosas\ncomo la obtenci\u00f3n de un equipo PCR para Puerto Natales que va a permitir un mejor\ncontrol de la enfermedad. En&nbsp; cuanto al 5%\npara Emergencia, est\u00e1 directamente relacionado a ayudas sociales y hay una\npeque\u00f1a diferencia ya que no todos los alcaldes han solicitado las canastas y no\nen todos los lugares se ha repartido con la eficiencia que se esperaba. Se est\u00e1\nbuscando la forma de agilizar estas entregas\u201d, asegur\u00f3 Vukusich. <\/p>\n\n\n\n<p>Por su parte&nbsp; el consejero, Ram\u00f3n Lobos, se\u00f1al\u00f3 que la\nejecuci\u00f3n de los recursos 6% FNDR, en su primera etapa, ha buscado dar\nrespuesta a las necesidades sanitarias presentadas por instituciones privadas\nsin fines de lucro que complementan el trabajo del sector Salud. &nbsp;\u201cEn la reuni\u00f3n se dio cuenta de los proyectos aprobados\nque van desde la adquisici\u00f3n de elementos de protecci\u00f3n personal solicitados\npor los municipios para los centros de salud rurales, la sanitizaci\u00f3n de calles\nque est\u00e1 realizando Conaf, la adquisici\u00f3n de agua potable para el sector periurbano,\nhasta temas m\u00e1s t\u00e9cnicos como la compra del robot para el CADI que permite una mayor\ncantidad de muestras procesadas por d\u00eda y para ello se complement\u00f3 la donaci\u00f3n\nque hicieron los salmoneros. En la segunda etapa, los fondos son remanentes por\nreadecuaciones &nbsp;y se van a destinar a la\nadquisici\u00f3n de insumos para la atenci\u00f3n de adultos y ni\u00f1os, especialmente en lo\nque se refiere a pa\u00f1ales\u201d, detall\u00f3. <\/p>\n\n\n\n<p>Asimismo el consejero de la\nprovincia Ant\u00e1rtica, Marcelo Garrido, fue enf\u00e1tico al se\u00f1alar \u201cestamos\npreocupados y trabajando para que los recursos que fueron sancionados por el\nConsejo Regional&nbsp; logren llegar lo m\u00e1s\npronto posible a las personas que hoy lo est\u00e1n pasando mal producto de la\npandemia y por la falta de trabajo\u201d. <\/p>\n\n\n\n<p><strong>Le\u00f1a\npara sectores periurbanos&nbsp; <\/strong><\/p>\n\n\n\n<p>Una de las grandes\npreocupaciones planteadas por los consejeros es llegar pronto con le\u00f1a a los\nsectores periurbanos. Al respecto la consejera, Roxana Gallardo,&nbsp; afirm\u00f3&nbsp;\n\u201chay juntas de vecinos que est\u00e1n trabajando en el tema pero al final vamos\nen vueltas y vueltas y la gente sigue pidiendo ayuda por redes sociales.\nFinalmente&nbsp; se logr\u00f3 concretar una\ndecisi\u00f3n importante y es que los listados de las juntas de vecinos periurbanas van\na ser recibidos directamente en el departamento social de la Intendencia. Espero\nque lo antes posible compren gran cantidad de le\u00f1a para abaratar los costos ya\nque la idea es ir en ayuda de muchas familias que en este minuto lo poco que\ntienen lo gastan en le\u00f1a\u201d concluy\u00f3. &nbsp;<\/p>\n","protected":false},"excerpt":{"rendered":"<p>A fin de conocer el avance en la ejecuci\u00f3n del 6% FNDR Social de asignaci\u00f3n directa y del 5% FNDR destinado a Emergencia traspasado a Gobierno Interior, los integrantes del&#8230; <a class=\"read-more\" href=\"https:\/\/www.radiopresidenteibanez.cl\/web\/consejeros-regionales-se-reunieron-con-diplader-y-departamento-social-de-intendencia-para-conocer-avances-en-ejecucion-de-los-recursos-destinados-a-mitigar-efectos-socioeconomicos-del-covid-19\/\">Leer m\u00e1s<\/a><\/p>\n","protected":false},"author":2,"featured_media":12476,"comment_status":"closed","ping_status":"closed","sticky":false,"template":"","format":"standard","meta":{"footnotes":""},"categories":[1],"tags":[],"class_list":["post-12475","post","type-post","status-publish","format-standard","has-post-thumbnail","hentry","category-cronica"],"_links":{"self":[{"href":"https:\/\/www.radiopresidenteibanez.cl\/web\/wp-json\/wp\/v2\/posts\/12475","targetHints":{"allow":["GET"]}}],"collection":[{"href":"https:\/\/www.radiopresidenteibanez.cl\/web\/wp-json\/wp\/v2\/posts"}],"about":[{"href":"https:\/\/www.radiopresidenteibanez.cl\/web\/wp-json\/wp\/v2\/types\/post"}],"author":[{"embeddable":true,"href":"https:\/\/www.radiopresidenteibanez.cl\/web\/wp-json\/wp\/v2\/users\/2"}],"replies":[{"embeddable":true,"href":"https:\/\/www.radiopresidenteibanez.cl\/web\/wp-json\/wp\/v2\/comments?post=12475"}],"version-history":[{"count":0,"href":"https:\/\/www.radiopresidenteibanez.cl\/web\/wp-json\/wp\/v2\/posts\/12475\/revisions"}],"wp:featuredmedia":[{"embeddable":true,"href":"https:\/\/www.radiopresidenteibanez.cl\/web\/wp-json\/wp\/v2\/media\/12476"}],"wp:attachment":[{"href":"https:\/\/www.radiopresidenteibanez.cl\/web\/wp-json\/wp\/v2\/media?parent=12475"}],"wp:term":[{"taxonomy":"category","embeddable":true,"href":"https:\/\/www.radiopresidenteibanez.cl\/web\/wp-json\/wp\/v2\/categories?post=12475"},{"taxonomy":"post_tag","embeddable":true,"href":"https:\/\/www.radiopresidenteibanez.cl\/web\/wp-json\/wp\/v2\/tags?post=12475"}],"curies":[{"name":"wp","href":"https:\/\/api.w.org\/{rel}","templated":true}]}}