{"id":12469,"date":"2020-06-05T13:57:06","date_gmt":"2020-06-05T13:57:06","guid":{"rendered":"https:\/\/www.radiopresidenteibanez.cl\/web\/?p=12469"},"modified":"2020-06-05T13:57:34","modified_gmt":"2020-06-05T13:57:34","slug":"alejandro-soto-jefe-regional-del-siss-hemos-recibido-varias-denuncias-por-alza-del-suministro-de-agua-debemos-ver-cada-uno-de-los-casos","status":"publish","type":"post","link":"https:\/\/www.radiopresidenteibanez.cl\/web\/alejandro-soto-jefe-regional-del-siss-hemos-recibido-varias-denuncias-por-alza-del-suministro-de-agua-debemos-ver-cada-uno-de-los-casos\/","title":{"rendered":"ALEJANDRO SOTO, JEFE REGIONAL DEL SISS \u201cHEMOS RECIBIDO VARIAS DENUNCIAS POR ALZA DEL SUMINISTRO DE AGUA, DEBEMOS VER CADA UNO DE LOS CASOS Y DAR SOLUCI\u00d3N\u201d"},"content":{"rendered":"\n<p>En conversaci\u00f3n con el\nprograma \u201cAvenida 88.5\u201d conducido por Cristofer Hern\u00e1ndez, el jefe regional de\nla Superintendencia de Servicios Sanitarios (<em><strong>SISS<\/strong><\/em>), entreg\u00f3\ndetalles del trabajo que se est\u00e1 realizando con la empresa Aguas Magallanes, en\ndonde al ser consultado sobre las denuncias por altos cobros, coment\u00f3 que \u201chemos\nrecibidos varias denuncias y debemos ver cada uno de los casos con el fin de\nentregarle respuestas a los usuarios\u201d.<\/p>\n\n\n\n<p>As\u00ed tambi\u00e9n, se refiri\u00f3 a los\nreclamos de los vecinos sobre el fuerte olor a cloro en el agua, expresando que\n\u201cla empresa sabe el margen que debe usar de cloro y hasta el momento no hemos\ntenido ning\u00fan drama con eso, claramente, hay sectores que se nota m\u00e1s\u201d.<\/p>\n\n\n\n<p>Las y los vecinos que deseen realizar alg\u00fan tipo de reclamos lo pueden hacer llegar v\u00eda correo: puntaarenas@siss.cl o al tel\u00e9fono 612 222881<\/p>\n","protected":false},"excerpt":{"rendered":"<p>En conversaci\u00f3n con el programa \u201cAvenida 88.5\u201d conducido por Cristofer Hern\u00e1ndez, el jefe regional de la Superintendencia de Servicios Sanitarios (SISS), entreg\u00f3 detalles del trabajo que se est\u00e1 realizando con&#8230; <a class=\"read-more\" href=\"https:\/\/www.radiopresidenteibanez.cl\/web\/alejandro-soto-jefe-regional-del-siss-hemos-recibido-varias-denuncias-por-alza-del-suministro-de-agua-debemos-ver-cada-uno-de-los-casos\/\">Leer m\u00e1s<\/a><\/p>\n","protected":false},"author":2,"featured_media":12470,"comment_status":"closed","ping_status":"closed","sticky":false,"template":"","format":"standard","meta":{"footnotes":""},"categories":[1],"tags":[],"class_list":["post-12469","post","type-post","status-publish","format-standard","has-post-thumbnail","hentry","category-cronica"],"_links":{"self":[{"href":"https:\/\/www.radiopresidenteibanez.cl\/web\/wp-json\/wp\/v2\/posts\/12469","targetHints":{"allow":["GET"]}}],"collection":[{"href":"https:\/\/www.radiopresidenteibanez.cl\/web\/wp-json\/wp\/v2\/posts"}],"about":[{"href":"https:\/\/www.radiopresidenteibanez.cl\/web\/wp-json\/wp\/v2\/types\/post"}],"author":[{"embeddable":true,"href":"https:\/\/www.radiopresidenteibanez.cl\/web\/wp-json\/wp\/v2\/users\/2"}],"replies":[{"embeddable":true,"href":"https:\/\/www.radiopresidenteibanez.cl\/web\/wp-json\/wp\/v2\/comments?post=12469"}],"version-history":[{"count":0,"href":"https:\/\/www.radiopresidenteibanez.cl\/web\/wp-json\/wp\/v2\/posts\/12469\/revisions"}],"wp:featuredmedia":[{"embeddable":true,"href":"https:\/\/www.radiopresidenteibanez.cl\/web\/wp-json\/wp\/v2\/media\/12470"}],"wp:attachment":[{"href":"https:\/\/www.radiopresidenteibanez.cl\/web\/wp-json\/wp\/v2\/media?parent=12469"}],"wp:term":[{"taxonomy":"category","embeddable":true,"href":"https:\/\/www.radiopresidenteibanez.cl\/web\/wp-json\/wp\/v2\/categories?post=12469"},{"taxonomy":"post_tag","embeddable":true,"href":"https:\/\/www.radiopresidenteibanez.cl\/web\/wp-json\/wp\/v2\/tags?post=12469"}],"curies":[{"name":"wp","href":"https:\/\/api.w.org\/{rel}","templated":true}]}}