{"id":12466,"date":"2020-06-05T13:36:32","date_gmt":"2020-06-05T13:36:32","guid":{"rendered":"https:\/\/www.radiopresidenteibanez.cl\/web\/?p=12466"},"modified":"2020-06-05T13:36:36","modified_gmt":"2020-06-05T13:36:36","slug":"alcalde-vera-saludo-a-claudio-alvarado-con-quien-trabajo-por-16-anos-cuando-el-actual-ministro-era-diputado-por-chiloe","status":"publish","type":"post","link":"https:\/\/www.radiopresidenteibanez.cl\/web\/alcalde-vera-saludo-a-claudio-alvarado-con-quien-trabajo-por-16-anos-cuando-el-actual-ministro-era-diputado-por-chiloe\/","title":{"rendered":"ALCALDE VERA SALUD\u00d3 A CLAUDIO ALVARADO CON QUIEN TRABAJ\u00d3 POR 16 A\u00d1OS CUANDO EL ACTUAL MINISTRO ERA DIPUTADO POR CHILO\u00c9"},"content":{"rendered":"\n<p>Como un tremendo orgullo y un hito hist\u00f3rico\npara Chilo\u00e9, calific\u00f3 el alcalde de Castro Juan Eduardo Vera la designaci\u00f3n\ncomo ministro de la Secretar\u00eda General de la Presidencia del oriundo de esta\ntierra Claudio Alvarado Andrade.<\/p>\n\n\n\n<p>En tal sentido Vera valor\u00f3 el hecho que por\nprimera vez en la historia republicana un chilote asuma tan alta\nresponsabilidad en un ministerio tan importante donde se preparan y confluyen\nlas leyes m\u00e1s importantes del pa\u00eds, y que luego son aprobadas por el Congreso\nNacional.<\/p>\n\n\n\n<p>Asimismo record\u00f3 que fue jefe de gabinete de\nAlvarado durante 16 a\u00f1os cuando el actual secretario de Estado era diputado en\nrepresentaci\u00f3n de toda la provincia de Chilo\u00e9.<\/p>\n\n\n\n<p>\u201cPara nosotros es un orgullo y en lo personal\nestoy profundamente emocionado con el alto cargo de Claudio. Los chilotes\ntenemos que estar profundamente orgullosos porque \u00e9l ha dado muestras\nfehacientes del cari\u00f1o por su tierra y de quienes habitamos este hermoso\narchipi\u00e9lago\u201d, sostuvo sobre el particular el alcalde de Castro.<\/p>\n\n\n\n<p>Tambi\u00e9n rescat\u00f3 y valor\u00f3 Vera el profundo valor\nde transversalidad pol\u00edtica con que ha actuado tanto como diputado o en\ncualquiera de las subsecretar\u00edas que ha asumido, transversalidad que respetan y\nvaloran dirigentes pol\u00edticos del espectro opositor.<\/p>\n\n\n\n<p>Finalmente el alcalde\nJuan Eduardo Vera espera que en el futuro cercano sean muchos m\u00e1s los chilotes\nque asuman otras responsabilidades de tal magnitud \u201csiempre he sostenido que\nquien act\u00faa correctamente en la vida, y m\u00e1s en pol\u00edtica, las responsabilidades\nllegan solas. Mis felicitaciones al nuevo ministro, al chilote Claudio Alvarado\u201d,\nremarc\u00f3 finalmente la primera autoridad comunal.<\/p>\n","protected":false},"excerpt":{"rendered":"<p>Como un tremendo orgullo y un hito hist\u00f3rico para Chilo\u00e9, calific\u00f3 el alcalde de Castro Juan Eduardo Vera la designaci\u00f3n como ministro de la Secretar\u00eda General de la Presidencia del&#8230; <a class=\"read-more\" href=\"https:\/\/www.radiopresidenteibanez.cl\/web\/alcalde-vera-saludo-a-claudio-alvarado-con-quien-trabajo-por-16-anos-cuando-el-actual-ministro-era-diputado-por-chiloe\/\">Leer m\u00e1s<\/a><\/p>\n","protected":false},"author":2,"featured_media":12467,"comment_status":"closed","ping_status":"closed","sticky":false,"template":"","format":"standard","meta":{"footnotes":""},"categories":[1],"tags":[],"class_list":["post-12466","post","type-post","status-publish","format-standard","has-post-thumbnail","hentry","category-cronica"],"_links":{"self":[{"href":"https:\/\/www.radiopresidenteibanez.cl\/web\/wp-json\/wp\/v2\/posts\/12466","targetHints":{"allow":["GET"]}}],"collection":[{"href":"https:\/\/www.radiopresidenteibanez.cl\/web\/wp-json\/wp\/v2\/posts"}],"about":[{"href":"https:\/\/www.radiopresidenteibanez.cl\/web\/wp-json\/wp\/v2\/types\/post"}],"author":[{"embeddable":true,"href":"https:\/\/www.radiopresidenteibanez.cl\/web\/wp-json\/wp\/v2\/users\/2"}],"replies":[{"embeddable":true,"href":"https:\/\/www.radiopresidenteibanez.cl\/web\/wp-json\/wp\/v2\/comments?post=12466"}],"version-history":[{"count":0,"href":"https:\/\/www.radiopresidenteibanez.cl\/web\/wp-json\/wp\/v2\/posts\/12466\/revisions"}],"wp:featuredmedia":[{"embeddable":true,"href":"https:\/\/www.radiopresidenteibanez.cl\/web\/wp-json\/wp\/v2\/media\/12467"}],"wp:attachment":[{"href":"https:\/\/www.radiopresidenteibanez.cl\/web\/wp-json\/wp\/v2\/media?parent=12466"}],"wp:term":[{"taxonomy":"category","embeddable":true,"href":"https:\/\/www.radiopresidenteibanez.cl\/web\/wp-json\/wp\/v2\/categories?post=12466"},{"taxonomy":"post_tag","embeddable":true,"href":"https:\/\/www.radiopresidenteibanez.cl\/web\/wp-json\/wp\/v2\/tags?post=12466"}],"curies":[{"name":"wp","href":"https:\/\/api.w.org\/{rel}","templated":true}]}}