{"id":12463,"date":"2020-06-05T13:34:36","date_gmt":"2020-06-05T13:34:36","guid":{"rendered":"https:\/\/www.radiopresidenteibanez.cl\/web\/?p=12463"},"modified":"2020-06-05T14:51:47","modified_gmt":"2020-06-05T14:51:47","slug":"alcaldes-de-la-region-de-magallanes-conversaron-con-ministro-de-educacion-para-abordar-la-contingencia-educacional","status":"publish","type":"post","link":"https:\/\/www.radiopresidenteibanez.cl\/web\/alcaldes-de-la-region-de-magallanes-conversaron-con-ministro-de-educacion-para-abordar-la-contingencia-educacional\/","title":{"rendered":"ALCALDES DE LA REGI\u00d3N DE MAGALLANES CONVERSARON CON MINISTRO DE EDUCACI\u00d3N PARA ABORDAR LA CONTINGENCIA EDUCACIONAL"},"content":{"rendered":"\n<p>En un encuentro virtual, el Ministro de Educaci\u00f3n, Ra\u00fal Figueroa, convers\u00f3 con los alcaldes de nuestra regi\u00f3n para escuchar sus principales inquietudes en materia educacional y comentar las iniciativas y planes que la cartera est\u00e1 impulsando para que los alumnos contin\u00faen con los aprendizajes desde sus hogares, tras la suspensi\u00f3n de clases presenciales a causa del Covid-19.<\/p>\n\n\n\n<p>En la actividad en la que participaron los alcaldes de 10 comunas de la regi\u00f3n de Magallanes &#8211;&nbsp;Natales, Torres del Paine, Laguna Blanca, San Gregorio, R\u00edo Verde, Punta Arenas, Primavera, Porvenir, Timaukel, Cabo de Hornos &#8211; el mministro destac\u00f3 el trabajo que est\u00e1n realizando los sostenedores, las comunidades educativas y los alumnos y record\u00f3 la importancia de retomar las clases presenciales, una vez que la autoridad sanitaria lo autorice.<\/p>\n\n\n\n<p>\u201cConversar\u00e9 con los alcaldes de todas las comunas del pa\u00eds porque sabemos que es relevante tener un acercamiento a la realidad de cada regi\u00f3n, de cada comuna, porque entendemos que tienen particularidades que se deben considerar a la hora de dise\u00f1ar medidas espec\u00edficas para cada contexto\u201d, coment\u00f3 el&nbsp;<strong>ministro Ra\u00fal Figueroa.<\/strong><\/p>\n\n\n\n<p>A ello agreg\u00f3 que \u201cla crisis sanitaria puede significar lamentablemente una crisis educativa si no somos capaces de anticipar efectos como el aumento del riesgo de deserci\u00f3n escolar, la que afecta&nbsp;especialmente a los sectores m\u00e1s vulnerables. Por eso es fundamental tomar medidas preventivas y hacer un llamado a toda la comunidad educativa para que siga trabajando en asegurar los procesos de aprendizajes y trayectoria formativa de los estudiantes para que tengan verdaderas oportunidades en el futuro\u201d.<\/p>\n\n\n\n<p>El&nbsp;<strong>seremi de Educaci\u00f3n Rodrigo Sep\u00falveda Tagle<\/strong>, quien tambi\u00e9n particip\u00f3 en la instancia, se\u00f1al\u00f3 que \u201ctodos los alcaldes de la regi\u00f3n, permiti\u00f3 aunar criterios en torno la situaci\u00f3n que la educaci\u00f3n vive en este contexto de pandemia. Pudimos dialogar sobre el impacto de la educaci\u00f3n virtual con #AprendoEnL\u00ednea, de la deuda que existe en la regi\u00f3n en materia de conectividad para nuestros estudiantes, pero tambi\u00e9n conversamos de los esfuerzos que este Ministerio ha llevado a cabo para llegar a los lugares m\u00e1s apartados de la regi\u00f3n con material pedag\u00f3gico a trav\u00e9s del programa #AprendoEnCasa, y tambi\u00e9n abordamos lo que ha sido la puesta en marcha de #TVEducaChile, que transmite solo contenido de entretenci\u00f3n educativa, cultural y de la malla curricular de los cursos de 1\u00b0 a 4\u00b0 b\u00e1sico, apoyando las asignaturas de Matem\u00e1tica, Lenguaje, Historia y Ciencias Naturales.&nbsp; Fue muy importante concretar este encuentro para aclarar dudas sobre la continuidad del programa de Alimentaci\u00f3n Escolar de Junaeb y lo que tenemos disponible para apoyar aspectos socioemocionales para las comunidades educativas\u201d, detall\u00f3.<\/p>\n\n\n\n<p>Por su parte, los alcaldes de la regi\u00f3n valoraron el encuentro, ya que les permite conocer y entender de primera fuente las medidas que ha venido realizando el Ministerio de Educaci\u00f3n durante la pandemia y los pr\u00f3ximos pasos que hay que coordinar en conjunto.<\/p>\n\n\n\n<p>En su calidad de&nbsp;<strong>presidente regional de la Asociaci\u00f3n de Municipalidades de Magallanes, el alcalde Fernando Paredes valor\u00f3<\/strong>&nbsp;positivamente la reuni\u00f3n. \u201cCreo que esa es la forma en la cual cada alcalde puede plantear de manera directa sus propias dificultades con la autoridad a nivel nacional. En nuestra regi\u00f3n, como autoridades locales sostenemos un trabajo permanente con el Secretario Regional Ministerial Rodrigo Sep\u00falveda; pero hab\u00eda inquietudes que merec\u00edan respuesta de la autoridad a nivel nacional. Desde ese punto de vista, me gustar\u00eda destacar que cada alcalde tuvo la posibilidad de plantear la particularidad que viven los distintos territorios de nuestra regi\u00f3n. Y en ese sentido, el ministro entendi\u00f3 que no es lo mismo la actividad educativa en Puerto Williams que la que se ejerce en Punta Arenas y es muy distinta, por cierto, a la que se realiza en las comunas de Tierra del Fuego. Con esta reuni\u00f3n, al ministro comprendi\u00f3 el impacto de las distancias, el clima y las particularidades de nuestro territorio. Fue una reuni\u00f3n muy positiva y se avanz\u00f3 con las consultas que los alcaldes ten\u00edamos de nuestras comunidades educativas\u201d.<\/p>\n\n\n\n<p>Esta reuni\u00f3n se suma a las que el secretario de Estado sostiene semanalmente con los presidentes de las principales asociaciones de municipalidades a nivel nacional, en las que coordinan las diferentes etapas del proceso formativo de los alumnos, el trabajo de los profesores, de los asistentes de la educaci\u00f3n y la relaci\u00f3n con los apoderados. Adem\u00e1s, el ministro ha mantenido encuentros con distintos representantes de la&nbsp;comunidad educativa, como asociaciones de apoderados, Colegio de Profesores, asistentes de la educaci\u00f3n, centros de estudio y con los ex ministros de la cartera Jos\u00e9 Pablo Arellano, Mariana Aylwin, Sergio Bitar, Harald Beyer y Adriana Delpiano.<strong><\/strong><\/p>\n","protected":false},"excerpt":{"rendered":"<p>En un encuentro virtual, el Ministro de Educaci\u00f3n, Ra\u00fal Figueroa, convers\u00f3 con los alcaldes de nuestra regi\u00f3n para escuchar sus principales inquietudes en materia educacional y comentar las iniciativas y&#8230; <a class=\"read-more\" href=\"https:\/\/www.radiopresidenteibanez.cl\/web\/alcaldes-de-la-region-de-magallanes-conversaron-con-ministro-de-educacion-para-abordar-la-contingencia-educacional\/\">Leer m\u00e1s<\/a><\/p>\n","protected":false},"author":2,"featured_media":12474,"comment_status":"closed","ping_status":"closed","sticky":false,"template":"","format":"standard","meta":{"footnotes":""},"categories":[1],"tags":[],"class_list":["post-12463","post","type-post","status-publish","format-standard","has-post-thumbnail","hentry","category-cronica"],"_links":{"self":[{"href":"https:\/\/www.radiopresidenteibanez.cl\/web\/wp-json\/wp\/v2\/posts\/12463","targetHints":{"allow":["GET"]}}],"collection":[{"href":"https:\/\/www.radiopresidenteibanez.cl\/web\/wp-json\/wp\/v2\/posts"}],"about":[{"href":"https:\/\/www.radiopresidenteibanez.cl\/web\/wp-json\/wp\/v2\/types\/post"}],"author":[{"embeddable":true,"href":"https:\/\/www.radiopresidenteibanez.cl\/web\/wp-json\/wp\/v2\/users\/2"}],"replies":[{"embeddable":true,"href":"https:\/\/www.radiopresidenteibanez.cl\/web\/wp-json\/wp\/v2\/comments?post=12463"}],"version-history":[{"count":0,"href":"https:\/\/www.radiopresidenteibanez.cl\/web\/wp-json\/wp\/v2\/posts\/12463\/revisions"}],"wp:featuredmedia":[{"embeddable":true,"href":"https:\/\/www.radiopresidenteibanez.cl\/web\/wp-json\/wp\/v2\/media\/12474"}],"wp:attachment":[{"href":"https:\/\/www.radiopresidenteibanez.cl\/web\/wp-json\/wp\/v2\/media?parent=12463"}],"wp:term":[{"taxonomy":"category","embeddable":true,"href":"https:\/\/www.radiopresidenteibanez.cl\/web\/wp-json\/wp\/v2\/categories?post=12463"},{"taxonomy":"post_tag","embeddable":true,"href":"https:\/\/www.radiopresidenteibanez.cl\/web\/wp-json\/wp\/v2\/tags?post=12463"}],"curies":[{"name":"wp","href":"https:\/\/api.w.org\/{rel}","templated":true}]}}