{"id":12457,"date":"2020-06-05T12:46:15","date_gmt":"2020-06-05T12:46:15","guid":{"rendered":"https:\/\/www.radiopresidenteibanez.cl\/web\/?p=12457"},"modified":"2020-06-05T12:46:18","modified_gmt":"2020-06-05T12:46:18","slug":"nuevos-recursos-ministeriales-y-municipales-dan-continuidad-al-hogar-de-cristo-de-natales","status":"publish","type":"post","link":"https:\/\/www.radiopresidenteibanez.cl\/web\/nuevos-recursos-ministeriales-y-municipales-dan-continuidad-al-hogar-de-cristo-de-natales\/","title":{"rendered":"NUEVOS RECURSOS MINISTERIALES Y MUNICIPALES DAN CONTINUIDAD AL HOGAR DE CRISTO DE NATALES"},"content":{"rendered":"\n<p>Como una forma\nde apoyar a las personas en situaci\u00f3n de calle y reforzar el compromiso del\nmunicipio con las personas m\u00e1s vulnerables, el edil de Natales junto al Concejo\nMunicipal, visitaron el Hogar de Cristo para informar a sus usuarios de la\nllegada de nuevos recursos para dar continuidad por 24 horas y seis meses m\u00e1s\nal albergue de la ciudad.<\/p>\n\n\n\n<p>La residencia\nsocial tiene capacidad para 20 personas y entrega alojamiento, alimentaci\u00f3n,\natenci\u00f3n de salud y un lugar para el aseo personal. La llegada de estos nuevos\nrecursos se enmarca en el programa Noche Digna del Plan de Invierno para\nPersonas en Situaci\u00f3n de Calle.<\/p>\n\n\n\n<p>El edil\nnatalino, Fernando Paredes Masilla, se\u00f1al\u00f3 que el objetivo de esta visita es\ndarle tranquilidad a todas las personas que utilizan este albergue. \u201cSabemos\nque las condiciones clim\u00e1ticas nos son las mejores, pero despu\u00e9s de bastante\ntrabajo administrativo por parte de la municipalidad, logramos que el\nministerio de Desarrollo Social asignara una cantidad de recursos cercano a los\n59 millones de pesos para hacer funcionar este albergue durante seis meses\u201d.<\/p>\n\n\n\n<p>Adem\u00e1s, la\nm\u00e1xima autoridad comunal, recalc\u00f3 que esta es una faceta social que se ha\nimplementado en a\u00f1os anteriores, y que este a\u00f1o no ser\u00eda la excepci\u00f3n.\n\u201cTransitamos durante los \u00faltimos meses con bastante esfuerzo y bastante\ndedicaci\u00f3n, pero finalmente la labor social que tiene que hacer el municipio,\ndado que en todas las comunas se consigue financiamiento para este tipo de\nalbergues, es que a pesar de que no ten\u00edamos los recursos en un comienzo, era\nasumir de esa responsabilidad\u201d.<\/p>\n\n\n\n<p>Finalmente, el\nalcalde agradeci\u00f3 el aporte del gobierno mediante el ministerio de Desarrollo\nSocial, ya que con estos recursos se logra atender los principales casos\nsociales de la comuna, y recalc\u00f3 que la extensi\u00f3n del albergue busca resguardar\na las personas en situaci\u00f3n de calle, protegi\u00e9ndolas de las bajas temperaturas\ny posibles contagios de coronavirus.<\/p>\n\n\n\n<p>&nbsp;&nbsp;&nbsp;&nbsp;&nbsp;&nbsp;&nbsp;&nbsp;&nbsp;&nbsp;&nbsp;&nbsp;&nbsp; Cabe\ndestacar que el albergue se encuentra en funcionamiento desde el lunes 30 de\nmarzo, gracias a donaciones de los vecinos y a fondos municipales, realizando\nun esfuerzo econ\u00f3mico para poder financiar su funcionamiento en los meses de\nabril y mayo.<\/p>\n","protected":false},"excerpt":{"rendered":"<p>Como una forma de apoyar a las personas en situaci\u00f3n de calle y reforzar el compromiso del municipio con las personas m\u00e1s vulnerables, el edil de Natales junto al Concejo&#8230; <a class=\"read-more\" href=\"https:\/\/www.radiopresidenteibanez.cl\/web\/nuevos-recursos-ministeriales-y-municipales-dan-continuidad-al-hogar-de-cristo-de-natales\/\">Leer m\u00e1s<\/a><\/p>\n","protected":false},"author":2,"featured_media":12458,"comment_status":"closed","ping_status":"closed","sticky":false,"template":"","format":"standard","meta":{"footnotes":""},"categories":[1],"tags":[],"class_list":["post-12457","post","type-post","status-publish","format-standard","has-post-thumbnail","hentry","category-cronica"],"_links":{"self":[{"href":"https:\/\/www.radiopresidenteibanez.cl\/web\/wp-json\/wp\/v2\/posts\/12457","targetHints":{"allow":["GET"]}}],"collection":[{"href":"https:\/\/www.radiopresidenteibanez.cl\/web\/wp-json\/wp\/v2\/posts"}],"about":[{"href":"https:\/\/www.radiopresidenteibanez.cl\/web\/wp-json\/wp\/v2\/types\/post"}],"author":[{"embeddable":true,"href":"https:\/\/www.radiopresidenteibanez.cl\/web\/wp-json\/wp\/v2\/users\/2"}],"replies":[{"embeddable":true,"href":"https:\/\/www.radiopresidenteibanez.cl\/web\/wp-json\/wp\/v2\/comments?post=12457"}],"version-history":[{"count":0,"href":"https:\/\/www.radiopresidenteibanez.cl\/web\/wp-json\/wp\/v2\/posts\/12457\/revisions"}],"wp:featuredmedia":[{"embeddable":true,"href":"https:\/\/www.radiopresidenteibanez.cl\/web\/wp-json\/wp\/v2\/media\/12458"}],"wp:attachment":[{"href":"https:\/\/www.radiopresidenteibanez.cl\/web\/wp-json\/wp\/v2\/media?parent=12457"}],"wp:term":[{"taxonomy":"category","embeddable":true,"href":"https:\/\/www.radiopresidenteibanez.cl\/web\/wp-json\/wp\/v2\/categories?post=12457"},{"taxonomy":"post_tag","embeddable":true,"href":"https:\/\/www.radiopresidenteibanez.cl\/web\/wp-json\/wp\/v2\/tags?post=12457"}],"curies":[{"name":"wp","href":"https:\/\/api.w.org\/{rel}","templated":true}]}}