{"id":12454,"date":"2020-06-04T17:58:57","date_gmt":"2020-06-04T17:58:57","guid":{"rendered":"https:\/\/www.radiopresidenteibanez.cl\/web\/?p=12454"},"modified":"2020-06-04T17:59:01","modified_gmt":"2020-06-04T17:59:01","slug":"cambio-de-gabinete-tres-ministros-dejaron-sus-cargos-para-asumir-otras-carteras-por-su-parte-sichel-asume-la-presidencia-del-banco-estado","status":"publish","type":"post","link":"https:\/\/www.radiopresidenteibanez.cl\/web\/cambio-de-gabinete-tres-ministros-dejaron-sus-cargos-para-asumir-otras-carteras-por-su-parte-sichel-asume-la-presidencia-del-banco-estado\/","title":{"rendered":"CAMBIO DE GABINETE: TRES MINISTROS DEJARON SUS CARGOS PARA ASUMIR OTRAS CARTERAS, POR SU PARTE SICHEL ASUME LA PRESIDENCIA DEL BANCO ESTADO"},"content":{"rendered":"\n<p>Este jueves cerca de las 14:30 horas, el presidente,\nSebasti\u00e1n Pi\u00f1era, acept\u00f3 la renuncia de algunos ministros que asumir\u00e1n otras carteras\ny uno la presidencia del Banco Estado.<\/p>\n\n\n\n<p>En este sentido,<strong>&nbsp;<\/strong><strong>Felipe Ward como Cristi\u00e1n Monckeberg<\/strong>&nbsp;cambiaron de\nministerios.<\/p>\n\n\n\n<p>El primero pasar\u00e1 de Segpres a Vivienda y Urbanismo,\nmientras que el segundo estar\u00e1 en Desarrollo Social y Familia.<\/p>\n\n\n\n<p>Por su parte,&nbsp;<strong>Claudio Alvarado<\/strong><strong>,<\/strong>&nbsp;asumir\u00e1\ncomo ministro de la Secretar\u00eda General de la Presidencia.<\/p>\n\n\n\n<p>Finalmente, Sebasti\u00e1n Sichel, sorprendi\u00f3 su salida ya\nque era uno de los ministros mejor evaluado y ahora asumir\u00e1 la presidencia del\nBanco Estado.<\/p>\n","protected":false},"excerpt":{"rendered":"<p>Este jueves cerca de las 14:30 horas, el presidente, Sebasti\u00e1n Pi\u00f1era, acept\u00f3 la renuncia de algunos ministros que asumir\u00e1n otras carteras y uno la presidencia del Banco Estado. En este&#8230; <a class=\"read-more\" href=\"https:\/\/www.radiopresidenteibanez.cl\/web\/cambio-de-gabinete-tres-ministros-dejaron-sus-cargos-para-asumir-otras-carteras-por-su-parte-sichel-asume-la-presidencia-del-banco-estado\/\">Leer m\u00e1s<\/a><\/p>\n","protected":false},"author":2,"featured_media":385,"comment_status":"closed","ping_status":"closed","sticky":false,"template":"","format":"standard","meta":{"footnotes":""},"categories":[5],"tags":[],"class_list":["post-12454","post","type-post","status-publish","format-standard","has-post-thumbnail","hentry","category-politica"],"_links":{"self":[{"href":"https:\/\/www.radiopresidenteibanez.cl\/web\/wp-json\/wp\/v2\/posts\/12454","targetHints":{"allow":["GET"]}}],"collection":[{"href":"https:\/\/www.radiopresidenteibanez.cl\/web\/wp-json\/wp\/v2\/posts"}],"about":[{"href":"https:\/\/www.radiopresidenteibanez.cl\/web\/wp-json\/wp\/v2\/types\/post"}],"author":[{"embeddable":true,"href":"https:\/\/www.radiopresidenteibanez.cl\/web\/wp-json\/wp\/v2\/users\/2"}],"replies":[{"embeddable":true,"href":"https:\/\/www.radiopresidenteibanez.cl\/web\/wp-json\/wp\/v2\/comments?post=12454"}],"version-history":[{"count":0,"href":"https:\/\/www.radiopresidenteibanez.cl\/web\/wp-json\/wp\/v2\/posts\/12454\/revisions"}],"wp:featuredmedia":[{"embeddable":true,"href":"https:\/\/www.radiopresidenteibanez.cl\/web\/wp-json\/wp\/v2\/media\/385"}],"wp:attachment":[{"href":"https:\/\/www.radiopresidenteibanez.cl\/web\/wp-json\/wp\/v2\/media?parent=12454"}],"wp:term":[{"taxonomy":"category","embeddable":true,"href":"https:\/\/www.radiopresidenteibanez.cl\/web\/wp-json\/wp\/v2\/categories?post=12454"},{"taxonomy":"post_tag","embeddable":true,"href":"https:\/\/www.radiopresidenteibanez.cl\/web\/wp-json\/wp\/v2\/tags?post=12454"}],"curies":[{"name":"wp","href":"https:\/\/api.w.org\/{rel}","templated":true}]}}