{"id":12452,"date":"2020-06-04T17:48:33","date_gmt":"2020-06-04T17:48:33","guid":{"rendered":"https:\/\/www.radiopresidenteibanez.cl\/web\/?p=12452"},"modified":"2020-06-04T17:48:36","modified_gmt":"2020-06-04T17:48:36","slug":"diputado-bianchi-lanza-duras-criticas-al-proyecto-que-limita-la-reeleccion-no-cambia-las-cosas-de-fondo","status":"publish","type":"post","link":"https:\/\/www.radiopresidenteibanez.cl\/web\/diputado-bianchi-lanza-duras-criticas-al-proyecto-que-limita-la-reeleccion-no-cambia-las-cosas-de-fondo\/","title":{"rendered":"DIPUTADO BIANCHI LANZA DURAS CR\u00cdTICAS AL PROYECTO QUE LIMITA LA REELECCI\u00d3N: \u201cNO CAMBIA LAS COSAS DE FONDO\u201d"},"content":{"rendered":"\n<p>El parlamentario desnud\u00f3 al Congreso\ny vincul\u00f3 a parlamentarios con el financiamiento de empresas, causando molestia\nen sus colegas.<\/p>\n\n\n\n<p>Intervenci\u00f3n del diputado\nKarim Bianchi:<\/p>\n\n\n\n<p>C\u00f3mo le explicamos a la\nciudadan\u00eda que cuando no tienen qu\u00e9 comer, cuando no tienen c\u00f3mo pagar las\ncuentas a fin de mes, estamos discutiendo d\u00edas completos un proyecto de ley que\nregula cu\u00e1ntos a\u00f1os podemos estar aqu\u00ed. <\/p>\n\n\n\n<p>La gente lo que quiere no es\nlimitar la reelecci\u00f3n de algunos, lo que quiere en lo posible, es que nos\nvayamos todos. Un cambio al sistema, un cambio a las personas, un cambio de\nforma. \u00bfY saben qu\u00e9? Aprobando esta ley van a querer lo mismo un tiempo m\u00e1s\nporque es un total enga\u00f1o.<\/p>\n\n\n\n<p>Lo grave es que este\ndesencanto est\u00e1 siendo aprovechado por algunos para conseguir beneficios\npropios, porque claro, nadie se puede oponer a un discurso que utiliza la\nprobidad como un supuesto argumento. <\/p>\n\n\n\n<p>La verdad es que nos\nequivocamos en el fondo, la pol\u00edtica se va a mejorar solo si impulsamos un\ncambio estructural y eso tiene que ver con el poder y con la posibilidad de\nparticipaci\u00f3n.<\/p>\n\n\n\n<p>Yo no puedo generalizar, hay\nquienes obviamente son reelectos leg\u00edtimamente por la voluntad de quienes votan\ny debe existir m\u00e1s de alguna virtud para que la democracia los prefiera por\nsobre otros. Tambi\u00e9n hay nombres que se reinstalan porque no tienen la\nsuficiente competencia.<\/p>\n\n\n\n<p>Pero yendo al fondo de esto\npresidente, es un problema de quienes llegan a la papeleta y se trata de c\u00f3mo\nse ejerce hoy el poder pol\u00edtico en este pa\u00eds y que quienes estamos sentados\nall\u00ed representamos cada uno distintas cosas. <\/p>\n\n\n\n<p>Y esto lo digo porque si la\ngente cree que aqu\u00ed hay, en este Congreso, caca, ser\u00e1 lo mismo pero con\ndistinto olor con esta ley. Van a llegar personas que representen lo mismo.\nNicol\u00e1s Ib\u00e1\u00f1ez, ex due\u00f1o de L\u00edder, \u00bfle dejar\u00e1 de financiar la campa\u00f1a a\nCruz-Coke cuando sepa que no se puede reelegir? Buscan a otro, as\u00ed de simple.<\/p>\n\n\n\n<p>\u00bfUstedes creen que los due\u00f1os\nde la CMPC, que le pusieron plata a la campa\u00f1a de Schalper, se ir\u00e1n de la\npol\u00edtica cuando este diputado no pueda ir a la reelecci\u00f3n? La respuesta es no.\nSeguir\u00e1n financiando las campa\u00f1as pol\u00edticas, independiente de la ley que\nestamos votando ahora, independiente del pol\u00edtico de turno. <\/p>\n\n\n\n<p>Juan Sutil, presidente de la\nCPC, buscar\u00e1 otro diputado Macaya para financiar su campa\u00f1a. Si queremos un\ncambio real, tenemos que ir m\u00e1s all\u00e1 de la reelecci\u00f3n. Debemos mejorar los\nniveles de participaci\u00f3n.<\/p>\n\n\n\n<p>Con el respeto que me merece\nquien dio la cuenta del informe, el diputado Walker, si es senador de su\ndistrito, reemplazar\u00e1 al senador Pizarro, entonces \u00bfesta ley renov\u00f3 de verdad\nla pol\u00edtica? No, porque no limita la reelecci\u00f3n, es un traje a la medida para\nciertos cargos, para sacar del camino por v\u00edas dudosas, a las competencias.<\/p>\n\n\n\n<p>El partido seguir\u00e1 diciendo\nqui\u00e9n va a ir. Pondr\u00e1 en muchos casos a quien le conviene para pagar favores\npol\u00edticos. Es f\u00e1cil, la gente elige quien los representa si lo hace bien o lo\nhace mal, el problema est\u00e1 en que muchas personas no pueden participar, porque\nmuy pocos deciden quienes son los candidatos.<\/p>\n\n\n\n<p>C\u00f3mo competirle por ejemplo a\nun sistema proporcional de listas donde la gente no vota por personas, sino\nvota por listas y donde un independiente debe financiarse y competir\ndesigualmente. <\/p>\n\n\n\n<p>Todo se soluciona no sacando\ndel camino a algunos, sino con sistemas de participaci\u00f3n universal. No donde un\ngrupo, o un presidente de un partido diga qui\u00e9n va o qui\u00e9n no va, porque pasar\u00e1\nlo mismo.<\/p>\n\n\n\n<p>Yo quiero que un dirigente\nparticipe, que un l\u00edder sindical participe, un vecino com\u00fan y corriente sin\ndeberle un favor a un grupo. Ac\u00e1 lo que hacen es el camino f\u00e1cil, jubilar a\notros sin darse cuenta de que muchos son parte de lo mismo.<\/p>\n\n\n\n<p>Es tan falsa esta ley que\npodr\u00eda inhabilitarse un parlamentario con 16 a\u00f1os pero instalar a otros que\npodr\u00edan perpetuarse veintiocho a\u00f1os en el parlamento, con un discurso falso,\nporque no limita la reelecci\u00f3n, limita una elecci\u00f3n. Quieren arreglar la\nsituaci\u00f3n para alcaldes y concejales y entonces no me vengan con cuentos. Es la\nmanera de algunos para debilitar la competencia.<\/p>\n\n\n\n<p>Yo no estoy en contra del l\u00edmite\na la reelecci\u00f3n, pero para todos los cargos, no a la medida como esto est\u00e1\nplanteado. Algunos por darse el gustito de asegurarse un cargo de manera m\u00e1s\nc\u00f3moda, saltarse la discusi\u00f3n, que debi\u00f3 darse por ejemplo en la reforma\nconstitucional, con temas como este o un Congreso uni o bicameral o el tipo de\nelecci\u00f3n.<\/p>\n\n\n\n<p>Les aseguro, si la\nparticipaci\u00f3n ciudadana es sana, es limpia, es justa, los empresarios solitos\nse van a ir, ya que no van a poder financiar campa\u00f1as pol\u00edticas como las que\nles nombr\u00e9. <\/p>\n","protected":false},"excerpt":{"rendered":"<p>El parlamentario desnud\u00f3 al Congreso y vincul\u00f3 a parlamentarios con el financiamiento de empresas, causando molestia en sus colegas. Intervenci\u00f3n del diputado Karim Bianchi: C\u00f3mo le explicamos a la ciudadan\u00eda&#8230; <a class=\"read-more\" href=\"https:\/\/www.radiopresidenteibanez.cl\/web\/diputado-bianchi-lanza-duras-criticas-al-proyecto-que-limita-la-reeleccion-no-cambia-las-cosas-de-fondo\/\">Leer m\u00e1s<\/a><\/p>\n","protected":false},"author":2,"featured_media":5567,"comment_status":"closed","ping_status":"closed","sticky":false,"template":"","format":"standard","meta":{"footnotes":""},"categories":[1],"tags":[],"class_list":["post-12452","post","type-post","status-publish","format-standard","has-post-thumbnail","hentry","category-cronica"],"_links":{"self":[{"href":"https:\/\/www.radiopresidenteibanez.cl\/web\/wp-json\/wp\/v2\/posts\/12452","targetHints":{"allow":["GET"]}}],"collection":[{"href":"https:\/\/www.radiopresidenteibanez.cl\/web\/wp-json\/wp\/v2\/posts"}],"about":[{"href":"https:\/\/www.radiopresidenteibanez.cl\/web\/wp-json\/wp\/v2\/types\/post"}],"author":[{"embeddable":true,"href":"https:\/\/www.radiopresidenteibanez.cl\/web\/wp-json\/wp\/v2\/users\/2"}],"replies":[{"embeddable":true,"href":"https:\/\/www.radiopresidenteibanez.cl\/web\/wp-json\/wp\/v2\/comments?post=12452"}],"version-history":[{"count":0,"href":"https:\/\/www.radiopresidenteibanez.cl\/web\/wp-json\/wp\/v2\/posts\/12452\/revisions"}],"wp:featuredmedia":[{"embeddable":true,"href":"https:\/\/www.radiopresidenteibanez.cl\/web\/wp-json\/wp\/v2\/media\/5567"}],"wp:attachment":[{"href":"https:\/\/www.radiopresidenteibanez.cl\/web\/wp-json\/wp\/v2\/media?parent=12452"}],"wp:term":[{"taxonomy":"category","embeddable":true,"href":"https:\/\/www.radiopresidenteibanez.cl\/web\/wp-json\/wp\/v2\/categories?post=12452"},{"taxonomy":"post_tag","embeddable":true,"href":"https:\/\/www.radiopresidenteibanez.cl\/web\/wp-json\/wp\/v2\/tags?post=12452"}],"curies":[{"name":"wp","href":"https:\/\/api.w.org\/{rel}","templated":true}]}}