{"id":12450,"date":"2020-06-04T16:29:32","date_gmt":"2020-06-04T16:29:32","guid":{"rendered":"https:\/\/www.radiopresidenteibanez.cl\/web\/?p=12450"},"modified":"2020-06-04T16:29:36","modified_gmt":"2020-06-04T16:29:36","slug":"durante-horas-de-la-tarde-se-anunciara-un-nuevo-cambio-de-gabinete-por-parte-del-presidente-pinera","status":"publish","type":"post","link":"https:\/\/www.radiopresidenteibanez.cl\/web\/durante-horas-de-la-tarde-se-anunciara-un-nuevo-cambio-de-gabinete-por-parte-del-presidente-pinera\/","title":{"rendered":"DURANTE HORAS DE LA TARDE SE ANUNCIAR\u00c1 UN NUEVO CAMBIO DE GABINETE POR PARTE DEL PRESIDENTE PI\u00d1ERA"},"content":{"rendered":"\n<p>Durante los pr\u00f3ximos minutos, el presidente anunciar\u00e1 un nuevo cambio de Gabinete en el Palacio de La Moneda, se especula varios cambios, pero quien no saldr\u00eda de su cargo es el ministro de Salud, Jaime Ma\u00f1alich.<\/p>\n","protected":false},"excerpt":{"rendered":"<p>Durante los pr\u00f3ximos minutos, el presidente anunciar\u00e1 un nuevo cambio de Gabinete en el Palacio de La Moneda, se especula varios cambios, pero quien no saldr\u00eda de su cargo es&#8230; <a class=\"read-more\" href=\"https:\/\/www.radiopresidenteibanez.cl\/web\/durante-horas-de-la-tarde-se-anunciara-un-nuevo-cambio-de-gabinete-por-parte-del-presidente-pinera\/\">Leer m\u00e1s<\/a><\/p>\n","protected":false},"author":2,"featured_media":385,"comment_status":"closed","ping_status":"closed","sticky":false,"template":"","format":"standard","meta":{"footnotes":""},"categories":[5],"tags":[],"class_list":["post-12450","post","type-post","status-publish","format-standard","has-post-thumbnail","hentry","category-politica"],"_links":{"self":[{"href":"https:\/\/www.radiopresidenteibanez.cl\/web\/wp-json\/wp\/v2\/posts\/12450","targetHints":{"allow":["GET"]}}],"collection":[{"href":"https:\/\/www.radiopresidenteibanez.cl\/web\/wp-json\/wp\/v2\/posts"}],"about":[{"href":"https:\/\/www.radiopresidenteibanez.cl\/web\/wp-json\/wp\/v2\/types\/post"}],"author":[{"embeddable":true,"href":"https:\/\/www.radiopresidenteibanez.cl\/web\/wp-json\/wp\/v2\/users\/2"}],"replies":[{"embeddable":true,"href":"https:\/\/www.radiopresidenteibanez.cl\/web\/wp-json\/wp\/v2\/comments?post=12450"}],"version-history":[{"count":0,"href":"https:\/\/www.radiopresidenteibanez.cl\/web\/wp-json\/wp\/v2\/posts\/12450\/revisions"}],"wp:featuredmedia":[{"embeddable":true,"href":"https:\/\/www.radiopresidenteibanez.cl\/web\/wp-json\/wp\/v2\/media\/385"}],"wp:attachment":[{"href":"https:\/\/www.radiopresidenteibanez.cl\/web\/wp-json\/wp\/v2\/media?parent=12450"}],"wp:term":[{"taxonomy":"category","embeddable":true,"href":"https:\/\/www.radiopresidenteibanez.cl\/web\/wp-json\/wp\/v2\/categories?post=12450"},{"taxonomy":"post_tag","embeddable":true,"href":"https:\/\/www.radiopresidenteibanez.cl\/web\/wp-json\/wp\/v2\/tags?post=12450"}],"curies":[{"name":"wp","href":"https:\/\/api.w.org\/{rel}","templated":true}]}}