{"id":12448,"date":"2020-06-04T16:26:49","date_gmt":"2020-06-04T16:26:49","guid":{"rendered":"https:\/\/www.radiopresidenteibanez.cl\/web\/?p=12448"},"modified":"2020-06-04T16:26:53","modified_gmt":"2020-06-04T16:26:53","slug":"autoridad-comunal-de-natales-refuerza-visitas-sociales-a-familias-vulnerables","status":"publish","type":"post","link":"https:\/\/www.radiopresidenteibanez.cl\/web\/autoridad-comunal-de-natales-refuerza-visitas-sociales-a-familias-vulnerables\/","title":{"rendered":"AUTORIDAD COMUNAL DE NATALES REFUERZA VISITAS SOCIALES A FAMILIAS VULNERABLES"},"content":{"rendered":"\n<p>Con el fin de\nescuchar y encontrar una soluci\u00f3n a los problemas de los vecinos m\u00e1s\nnecesitados, el alcalde de Natales, Fernando Paredes Mansilla, visit\u00f3 a las\nfamilias m\u00e1s vulnerables de natales que por diversos motivos no han podido\nvisitar el municipio o llamar para solicitar los beneficios que est\u00e1 entregando\nel departamento social del municipio.<\/p>\n\n\n\n<p>Junto a la\nasistente social de la municipalidad y con un equipo reducido, el edil,\nresguardando todos los protocolos de seguridad y prevenci\u00f3n, consult\u00f3 en los\nhogares de los vecinos sus reales necesidades y solicitudes.<\/p>\n\n\n\n<p>&nbsp;El jefe comunal,&nbsp; en paralelo a la entrega de canastas de\nalimentos, manifest\u00f3 que \u201cde manera diaria estoy despleg\u00e1ndome por las\ndistintas poblaciones, de modo tal de poder identificar a la gente que muchas\nveces queda invisibilizada de poder recibir una ayuda de este tipo, y es bueno\nse\u00f1alar que hay gente que por distintas razones no va a la municipalidad o no\ntiene la posibilidad de llamar y pierden ayudas importantes en un momento tan\ndif\u00edcil\u201d.<\/p>\n\n\n\n<p>&nbsp;Adem\u00e1s, Fernando Paredes Mansilla, destac\u00f3 que\nest\u00e1 pesquisando casos que califican dentro de las ayudas sociales. \u201cEs una\nlabor que me la he autoimpuesto como alcalde de poder recorrer las poblaciones\ne ir identificando d\u00f3nde pueden haber algunos casos que por distintas razones\nno han tenido acceso a una ayuda\u201d.<\/p>\n\n\n\n<p>Finalmente, el\nedil subray\u00f3 que este trabajo lo est\u00e1 realizando con la absoluta reserva y\ndiscreci\u00f3n, e inst\u00f3 a los vecinos que conozcan alg\u00fan caso social, se lo hagan\nllegar para poder canalizar ayudas.<\/p>\n\n\n\n<p>&nbsp;Cabe destacar que el municipio ya se encuentra\nejecutando la entrega de canastas en las zonas urbanas y rurales de Natales,\npara continuar las pr\u00f3ximas semanas con el traspaso de kits covid-19 y \u00fatiles\nde aseo a los vecinos m\u00e1s vulnerables.<\/p>\n","protected":false},"excerpt":{"rendered":"<p>Con el fin de escuchar y encontrar una soluci\u00f3n a los problemas de los vecinos m\u00e1s necesitados, el alcalde de Natales, Fernando Paredes Mansilla, visit\u00f3 a las familias m\u00e1s vulnerables&#8230; <a class=\"read-more\" href=\"https:\/\/www.radiopresidenteibanez.cl\/web\/autoridad-comunal-de-natales-refuerza-visitas-sociales-a-familias-vulnerables\/\">Leer m\u00e1s<\/a><\/p>\n","protected":false},"author":2,"featured_media":0,"comment_status":"closed","ping_status":"closed","sticky":false,"template":"","format":"standard","meta":{"footnotes":""},"categories":[1],"tags":[],"class_list":["post-12448","post","type-post","status-publish","format-standard","hentry","category-cronica"],"_links":{"self":[{"href":"https:\/\/www.radiopresidenteibanez.cl\/web\/wp-json\/wp\/v2\/posts\/12448","targetHints":{"allow":["GET"]}}],"collection":[{"href":"https:\/\/www.radiopresidenteibanez.cl\/web\/wp-json\/wp\/v2\/posts"}],"about":[{"href":"https:\/\/www.radiopresidenteibanez.cl\/web\/wp-json\/wp\/v2\/types\/post"}],"author":[{"embeddable":true,"href":"https:\/\/www.radiopresidenteibanez.cl\/web\/wp-json\/wp\/v2\/users\/2"}],"replies":[{"embeddable":true,"href":"https:\/\/www.radiopresidenteibanez.cl\/web\/wp-json\/wp\/v2\/comments?post=12448"}],"version-history":[{"count":0,"href":"https:\/\/www.radiopresidenteibanez.cl\/web\/wp-json\/wp\/v2\/posts\/12448\/revisions"}],"wp:attachment":[{"href":"https:\/\/www.radiopresidenteibanez.cl\/web\/wp-json\/wp\/v2\/media?parent=12448"}],"wp:term":[{"taxonomy":"category","embeddable":true,"href":"https:\/\/www.radiopresidenteibanez.cl\/web\/wp-json\/wp\/v2\/categories?post=12448"},{"taxonomy":"post_tag","embeddable":true,"href":"https:\/\/www.radiopresidenteibanez.cl\/web\/wp-json\/wp\/v2\/tags?post=12448"}],"curies":[{"name":"wp","href":"https:\/\/api.w.org\/{rel}","templated":true}]}}