{"id":12442,"date":"2020-06-04T13:28:36","date_gmt":"2020-06-04T13:28:36","guid":{"rendered":"https:\/\/www.radiopresidenteibanez.cl\/web\/?p=12442"},"modified":"2020-06-04T13:28:41","modified_gmt":"2020-06-04T13:28:41","slug":"seremi-de-hacienda-destaca-la-entrada-en-vigencia-de-ley-n21-210","status":"publish","type":"post","link":"https:\/\/www.radiopresidenteibanez.cl\/web\/seremi-de-hacienda-destaca-la-entrada-en-vigencia-de-ley-n21-210\/","title":{"rendered":"SEREMI DE HACIENDA DESTACA LA ENTRADA EN VIGENCIA DE LEY N\u00b021.210"},"content":{"rendered":"\n<p>En\nconformidad a lo establecido en la Ley 21.210 que Moderniza la Legislaci\u00f3n\nTributaria, desde el 1 de junio de 2020 entran en vigencia las modificaciones\nque introdujo la normativa al Impuesto al Valor Agregado (IVA) y al Ciclo de\nVida del Contribuyente, entre otras materias. <\/p>\n\n\n\n<p>De\nacuerdo a su rol, asociado a la implementaci\u00f3n y ejecuci\u00f3n de la ley tributaria\nvigente, el SII ha desarrollado y adaptado las aplicaciones inform\u00e1ticas, para\nponer a disposici\u00f3n de los contribuyentes toda la informaci\u00f3n necesaria,\nfacilidades y procedimientos para permitir el cumplimiento de las nuevas\nresponsabilidades tributarias de forma oportuna e informada. <\/p>\n\n\n\n<p>Lo\nanterior, en el contexto de emergencia sanitaria que vive el pa\u00eds, que ha\nrequerido, en paralelo a la implementaci\u00f3n de la Ley de Modernizaci\u00f3n\nTributaria, que el Servicio deba poner a disposici\u00f3n de los contribuyentes -en\nun per\u00edodo de tiempo muy breve-, las medidas tributarias orientadas a apoyar a\nlas personas y empresas afectadas por la contingencia, lo que ha sido posible\ngracias a la capacidad t\u00e9cnica, sello innovador y profesionalismo que\ncaracterizan a los funcionarios Servicio.<\/p>\n\n\n\n<p><strong>Tr\u00e1mites\n100% online<\/strong><\/p>\n\n\n\n<p>Por\notro lado, entran en vigencia los tr\u00e1mites asociados al ciclo de vida de los\ncontribuyentes, tales como inicio de actividades, modificaciones y t\u00e9rmino de\ngiro, los que podr\u00e1n efectuarse 100% en l\u00ednea a trav\u00e9s de sii.cl, mediante una\nCarpeta Tributaria Electr\u00f3nica. Para ello, se habilit\u00f3 una plataforma en\nsii.cl, en el men\u00fa de Servicios Online, que permite iniciar el tr\u00e1mite,\nadjuntar la documentaci\u00f3n requerida e interactuar de manera remota con un\nfuncionario, si es necesario, para concluir la solicitud en l\u00ednea.<\/p>\n\n\n\n<p>Por su\nparte, la Seremi Lil Garc\u00e9s record\u00f3 que \u201c<em>El\nobjetivo de esta Modernizaci\u00f3n Tributaria es impulsar el emprendimiento,\nbeneficiando a la clase media, los adultos mayores y a las Peque\u00f1as y medianas\nempresas con un sistema m\u00e1s simple y comprensible para el contribuyente, significando\nun ahorro importante en tiempo y en gastos de contabilidad\u201d. <\/em><\/p>\n\n\n\n<p>Asimismo,\nen MiSii, secci\u00f3n personalizada del contribuyente, ya se encuentran disponibles\nnuevas opciones, como la posibilidad de obtener certificaciones o copias en\nformato electr\u00f3nico de documentos presentados por el contribuyente ante el\nServicio, y tambi\u00e9n la posibilidad de acceder a sus anotaciones. Otra de las\nmedidas implementadas consiste en que el contribuyente recibir\u00e1 copia de sus\nnotificaciones a su correo electr\u00f3nico, por lo que es muy relevante que\nmantengan actualizados sus datos de contactos, lo que pueden hacer f\u00e1cilmente\nen l\u00ednea en MiSii.<\/p>\n\n\n\n<p>Finalmente,\nlas solicitudes de devoluci\u00f3n de cr\u00e9dito fiscal de IVA del art\u00edculo 27 bis de\nla Ley de Impuesto a las Ventas y Servicios (LIVS), que antes se realizaban en\npapel en las oficinas del SII, desde ahora podr\u00e1n realizarse a trav\u00e9s de\ninternet mediante una aplicaci\u00f3n disponible en el sitio web del servicio.&nbsp; <\/p>\n\n\n\n<p>Adicionalmente,\nla ley disminuy\u00f3 el plazo en que el Servicio debe pronunciarse sobre dicha\nsolicitud de devoluci\u00f3n, de 60 a 20 d\u00edas h\u00e1biles contados desde la fecha en que\nreciba los antecedentes correspondientes. Estos cambios se suman al que se\nincorpor\u00f3 el 1 de marzo de este a\u00f1o, rebajando a dos la cantidad de per\u00edodos\ntributarios durante los cuales se deben acumular remanentes de cr\u00e9dito fiscal\npara realizar la solicitud. <\/p>\n\n\n\n<p><strong><em>Ya se encuentra disponible en sii.cl la\nplataforma que permite a proveedores de servicios digitales sin domicilio ni\nresidencia en Chile declarar y pagar el IVA.<\/em><\/strong><\/p>\n\n\n\n<p>Desde\nel 1 de junio los proveedores de servicios digitales, sin domicilio ni\nresidencia en Chile, deber\u00e1n cumplir con su obligaci\u00f3n de declarar y pagar el\nIVA a los servicios digitales que incorpor\u00f3 la Ley N\u00b021.210. Por ello, ya se\nencuentra disponible en sii.cl una plataforma que les permite registrarse,\nobteniendo un \u201cTax ID Number\u201d (N\u00famero de Identificaci\u00f3n Tributaria) y una clave\npara cumplir con la nueva obligaci\u00f3n. En la aplicaci\u00f3n, los contribuyentes\npueden seleccionar la moneda (euro, d\u00f3lar o pesos) y periodicidad\ncon que van a realizar el pago, que puede ser mensual o trimestral.<\/p>\n","protected":false},"excerpt":{"rendered":"<p>En conformidad a lo establecido en la Ley 21.210 que Moderniza la Legislaci\u00f3n Tributaria, desde el 1 de junio de 2020 entran en vigencia las modificaciones que introdujo la normativa&#8230; <a class=\"read-more\" href=\"https:\/\/www.radiopresidenteibanez.cl\/web\/seremi-de-hacienda-destaca-la-entrada-en-vigencia-de-ley-n21-210\/\">Leer m\u00e1s<\/a><\/p>\n","protected":false},"author":2,"featured_media":6521,"comment_status":"closed","ping_status":"closed","sticky":false,"template":"","format":"standard","meta":{"footnotes":""},"categories":[1],"tags":[],"class_list":["post-12442","post","type-post","status-publish","format-standard","has-post-thumbnail","hentry","category-cronica"],"_links":{"self":[{"href":"https:\/\/www.radiopresidenteibanez.cl\/web\/wp-json\/wp\/v2\/posts\/12442","targetHints":{"allow":["GET"]}}],"collection":[{"href":"https:\/\/www.radiopresidenteibanez.cl\/web\/wp-json\/wp\/v2\/posts"}],"about":[{"href":"https:\/\/www.radiopresidenteibanez.cl\/web\/wp-json\/wp\/v2\/types\/post"}],"author":[{"embeddable":true,"href":"https:\/\/www.radiopresidenteibanez.cl\/web\/wp-json\/wp\/v2\/users\/2"}],"replies":[{"embeddable":true,"href":"https:\/\/www.radiopresidenteibanez.cl\/web\/wp-json\/wp\/v2\/comments?post=12442"}],"version-history":[{"count":0,"href":"https:\/\/www.radiopresidenteibanez.cl\/web\/wp-json\/wp\/v2\/posts\/12442\/revisions"}],"wp:featuredmedia":[{"embeddable":true,"href":"https:\/\/www.radiopresidenteibanez.cl\/web\/wp-json\/wp\/v2\/media\/6521"}],"wp:attachment":[{"href":"https:\/\/www.radiopresidenteibanez.cl\/web\/wp-json\/wp\/v2\/media?parent=12442"}],"wp:term":[{"taxonomy":"category","embeddable":true,"href":"https:\/\/www.radiopresidenteibanez.cl\/web\/wp-json\/wp\/v2\/categories?post=12442"},{"taxonomy":"post_tag","embeddable":true,"href":"https:\/\/www.radiopresidenteibanez.cl\/web\/wp-json\/wp\/v2\/tags?post=12442"}],"curies":[{"name":"wp","href":"https:\/\/api.w.org\/{rel}","templated":true}]}}