{"id":12431,"date":"2020-06-04T13:20:54","date_gmt":"2020-06-04T13:20:54","guid":{"rendered":"https:\/\/www.radiopresidenteibanez.cl\/web\/?p=12431"},"modified":"2020-06-04T13:20:58","modified_gmt":"2020-06-04T13:20:58","slug":"magallanes-contara-con-cuatro-laboratorios-para-analisis-de-pcr","status":"publish","type":"post","link":"https:\/\/www.radiopresidenteibanez.cl\/web\/magallanes-contara-con-cuatro-laboratorios-para-analisis-de-pcr\/","title":{"rendered":"MAGALLANES CONTAR\u00c1 CON CUATRO LABORATORIOS PARA AN\u00c1LISIS DE PCR"},"content":{"rendered":"\n<p>Un gran desaf\u00edo fue\nel auto impuesto por el Servicio de Salud Magallanes al inicio de la Pandemia\npor COVID_19, considerando la inexistente capacidad diagn\u00f3stica de an\u00e1lisis para\nPCR-RT para SARS-CoV-2 en la regi\u00f3n, lo que motiv\u00f3 el accionar y gesti\u00f3n\ninstitucional tendiente a dotar a Magallanes de resolutividad y oferta local\npara la detecci\u00f3n del virus.<\/p>\n\n\n\n<p>\u201cComo Servicio de\nSalud nos hemos preparado con un plan estrat\u00e9gico para enfrentar el COVID_19 en\nesta etapa, involucrando un trabajo desde el punto de vista de la conformaci\u00f3n\nde la Red Integrada, la reconversi\u00f3n de camas cr\u00edticas y la capacidad\ndiagn\u00f3stica, con un trabajo estrat\u00e9gico para desarrollar la toma de muestras en\nla regi\u00f3n, considerando que no cont\u00e1bamos con ning\u00fan laboratorio,\npermiti\u00e9ndonos en una primera etapa apoyar en la implementaci\u00f3n del laboratorio\ndel CADI \u2013 UMAG y posteriormente, terminar la implementaci\u00f3n del laboratorio\ndel Hospital Cl\u00ednico Magallanes, pero esperamos en las pr\u00f3ximas semanas sumar\ndos laboratorios nuevos y contar con cuatro en la regi\u00f3n, el laboratorio del\nHospital Dr. Augusto Essmann de Puerto Natales y el laboratorio de la PDI\u201d,\ncomenta Nelson Reyes Silva, director del Servicio de Salud Magallanes.<\/p>\n\n\n\n<p>Agregando la\nautoridad que, las gestiones realizadas junto con permitir a Magallanes\nrobustecer su red de laboratorios moleculares para detecci\u00f3n del SARS-CoV-2 y\nfortalecer de acuerdo a las directrices de la Subsecretaria de Redes Asistenciales,\nla existencia de estos centros especializados de an\u00e1lisis al interior de los\nestablecimientos hospitalarios, da cuenta de un trabajo y compromiso\nintersectorial para sacar adelante el primer desaf\u00edo, que fue dotar a fines del\nmes de marzo el primer laboratorio para an\u00e1lisis &nbsp;de muestras, para continuar con el Hospital\nCl\u00ednico y los dos nuevos laboratorios en beneficio directo de la comunidad\nmagall\u00e1nica. \u201cDestacar la colaboraci\u00f3n de la PDI, quienes tengo entendido ser\u00e1n\nel \u00fanico laboratorio policial del pa\u00eds, aportando al diagn\u00f3stico por COVID_19\u201d,\npuntualiz\u00f3 Nelson Reyes.<\/p>\n\n\n\n<p>Respecto del proceso\nde implementaci\u00f3n de los laboratorios de Natales y de la PDI, el referente\nt\u00e9cnico del Servicio de Salud, TM Andr\u00e9s Oval, explic\u00f3 que el compromiso actual\nes activar durante el mes de junio el laboratorio de Natales, mientras se\nespera que el laboratorio de la PDI en Punta Arenas, se encuentre operativo\ndurante el presente mes.<\/p>\n\n\n\n<p>\u201cLa pronta\nhabilitaci\u00f3n COVID del laboratorio de criminal\u00edstica de la PDI y en el Hospital\nde Puerto Natales, son parte del liderazgo que ha tomado el Servicio de Salud\nMagallanes y el cual ha sido reforzado por las Subdirecciones de Gesti\u00f3n\nAsistencial y Recursos F\u00edsicos y Financieros, con lo que esperamos en el corto\nplazo aumentar la cobertura en la Red Asistencial en general\u201d, indic\u00f3 el\nprofesional.<\/p>\n\n\n\n<p>En este sentido,\ndesde el pasado 9 de mayo, Magallanes tiene autonom\u00eda respecto del an\u00e1lisis de\nsus muestras PCR, ya no siendo necesaria su derivaci\u00f3n a Santiago. \u201cUna vez que\nya estaba el laboratorio del CADI \u2013 UMAG habilitado y procesando muestras,\nnuestros esfuerzos no cesaron y nos centramos en el levantamiento del\nlaboratorio del Hospital Cl\u00ednico Magallanes y con ello, poder concentrar sobre\nel 50% de las muestras que se procesaban en la regi\u00f3n; este hito hizo posible\nque a pocas semanas pudi\u00e9ramos lograr resolver el 100% de las muestras en\nnuestra regi\u00f3n y con ello no derivar nada hacia otra regi\u00f3n, considerando que\nesto involucraba el aumento en la espera de los resultados para nuestra poblaci\u00f3n\u201d,\nsostuvo el referente de Magallanes para laboratorios COVID_19.<\/p>\n\n\n\n<p><a>Se\u00f1alar\nque los nuevos laboratorios al momento de incorporarse a la Red Laboratorios\nCOVID, deber\u00e1n cumplir con la validaci\u00f3n t\u00e9cnica del ISP; proceso que considera\nen un principio, la lectura de curvas de PCR, para posteriormente pasar al env\u00edo\nde muestras para control de resultado.<\/a><\/p>\n\n\n\n<p>Finalmente recordar que,\nen un principio sin centros que realizaran an\u00e1lisis de PCR-RT para COVID_19 en\nla regi\u00f3n, las muestras deb\u00edan ser derivadas a laboratorios en Santiago con una\ndemora en la entrega de resultados que promediaba los 7 d\u00edas.<\/p>\n","protected":false},"excerpt":{"rendered":"<p>Un gran desaf\u00edo fue el auto impuesto por el Servicio de Salud Magallanes al inicio de la Pandemia por COVID_19, considerando la inexistente capacidad diagn\u00f3stica de an\u00e1lisis para PCR-RT para&#8230; <a class=\"read-more\" href=\"https:\/\/www.radiopresidenteibanez.cl\/web\/magallanes-contara-con-cuatro-laboratorios-para-analisis-de-pcr\/\">Leer m\u00e1s<\/a><\/p>\n","protected":false},"author":2,"featured_media":12432,"comment_status":"closed","ping_status":"closed","sticky":false,"template":"","format":"standard","meta":{"footnotes":""},"categories":[1],"tags":[],"class_list":["post-12431","post","type-post","status-publish","format-standard","has-post-thumbnail","hentry","category-cronica"],"_links":{"self":[{"href":"https:\/\/www.radiopresidenteibanez.cl\/web\/wp-json\/wp\/v2\/posts\/12431","targetHints":{"allow":["GET"]}}],"collection":[{"href":"https:\/\/www.radiopresidenteibanez.cl\/web\/wp-json\/wp\/v2\/posts"}],"about":[{"href":"https:\/\/www.radiopresidenteibanez.cl\/web\/wp-json\/wp\/v2\/types\/post"}],"author":[{"embeddable":true,"href":"https:\/\/www.radiopresidenteibanez.cl\/web\/wp-json\/wp\/v2\/users\/2"}],"replies":[{"embeddable":true,"href":"https:\/\/www.radiopresidenteibanez.cl\/web\/wp-json\/wp\/v2\/comments?post=12431"}],"version-history":[{"count":0,"href":"https:\/\/www.radiopresidenteibanez.cl\/web\/wp-json\/wp\/v2\/posts\/12431\/revisions"}],"wp:featuredmedia":[{"embeddable":true,"href":"https:\/\/www.radiopresidenteibanez.cl\/web\/wp-json\/wp\/v2\/media\/12432"}],"wp:attachment":[{"href":"https:\/\/www.radiopresidenteibanez.cl\/web\/wp-json\/wp\/v2\/media?parent=12431"}],"wp:term":[{"taxonomy":"category","embeddable":true,"href":"https:\/\/www.radiopresidenteibanez.cl\/web\/wp-json\/wp\/v2\/categories?post=12431"},{"taxonomy":"post_tag","embeddable":true,"href":"https:\/\/www.radiopresidenteibanez.cl\/web\/wp-json\/wp\/v2\/tags?post=12431"}],"curies":[{"name":"wp","href":"https:\/\/api.w.org\/{rel}","templated":true}]}}