{"id":12428,"date":"2020-06-04T13:06:41","date_gmt":"2020-06-04T13:06:41","guid":{"rendered":"https:\/\/www.radiopresidenteibanez.cl\/web\/?p=12428"},"modified":"2020-06-04T13:06:45","modified_gmt":"2020-06-04T13:06:45","slug":"rechazo-internacional-por-rolando-martinez","status":"publish","type":"post","link":"https:\/\/www.radiopresidenteibanez.cl\/web\/rechazo-internacional-por-rolando-martinez\/","title":{"rendered":"RECHAZO INTERNACIONAL Por Rolando Mart\u00ednez"},"content":{"rendered":"\n<p>Hoy\nson muchos que est\u00e1n conmovidos por la tr\u00e1gica muerte del ciudadano de Minneapolis,\nestado de Minnessotta, George Floyd, quien falleci\u00f3 por asfixia a manos del\npolic\u00eda Derek Chauvin, cuando este mantuvo su rodilla presionada contra la\nparte posterior del cuello del afroamericano por espacio de ocho minutos\ndesoyendo las s\u00faplicas del ocasional detenido que no pod\u00eda respirar.<\/p>\n\n\n\n<p>El\ntr\u00e1gico hecho lamentablemente no es nuevo y se ha repetido muchas veces en\nprocedimientos de polic\u00edas norteamericanos y donde mayoritariamente las\nv\u00edctimas han sido ciudadanos afroamericanos. <\/p>\n\n\n\n<p>Luego\nde este incidente, las protestas de rechazo de los norteamericanos demuestran\nque el racismo no est\u00e1 superado en algunos Estados y que los polic\u00edas aplican\nprocedimientos que ya debieran estar erradicados, como poner la rodilla sobre\nel cuello del detenido con una presi\u00f3n desmedida por parte del polic\u00eda.<\/p>\n\n\n\n<p>Mylan\nMasson, una ex oficial de polic\u00eda que dirigi\u00f3 un programa de capacitaci\u00f3n para\nla polic\u00eda de Minneapolis durante 15 a\u00f1os -hasta el 2016- explic\u00f3 a los medios\nperiod\u00edsticos que esta es una t\u00e9cnica que ya no se usa debido a la\nvulnerabilidad. Incluso muchos entrenadores de cuerpos polic\u00edacos han tratado\nde prohibir o limitar el uso de estrangulamientos u otras maniobras en el\ncuello.<\/p>\n\n\n\n<p>Este\nhecho, con una mala t\u00e9cnica aplicada por el polic\u00eda y con resultado fatal,\nllama la atenci\u00f3n no solo en Estados Unidos, donde la ciudadan\u00eda la ha\nrepudiado con sucesivos desmanes p\u00fablicos. Tambi\u00e9n genera un rechazo\ninternacional y una adhesi\u00f3n que se manifiesta por las redes sociales desde\ndistintos lugares del planeta.<\/p>\n\n\n\n<p>En\nChile tambi\u00e9n hemos sido testigos de como algunos carabineros han aplicado esta\nt\u00e9cnica para reducir a maleantes, pero tambi\u00e9n lo han hecho con algunos de los\nmanifestantes detenidos en el estallido social.<\/p>\n\n\n\n<p>Vale\nla pena recordar, seg\u00fan informaci\u00f3n del Ministerio P\u00fablico, &nbsp;que hasta febrero pasado, al cumplirse cuatro\nmeses del movimiento social en Chile, se hab\u00edan registrado 33 muertes, cuatro\nde ellas indagadas por acci\u00f3n de agentes del Estado y las otras 29 v\u00edctimas\nfallecidas en incidentes, como incendios a locales comerciales.<\/p>\n\n\n\n<p>En los\ncuatro casos, atribuidos a agentes del Estado, se investiga responsabilidades\nde Carabineros, dos a funcionarios del Ej\u00e9rcito y uno a personal de la Armada.\nEn los cuatro casos hay investigaciones abiertas por homicicio y cuasidelito de\nhomicidio.<\/p>\n\n\n\n<p>En\ntodos estos hechos ha habido un rechazo de la ciudadan\u00eda y eso demuestra de lo\natento que est\u00e1n siempre los ciudadanos frente al actuar desmedido de las\npolic\u00edas en todos los pa\u00edses. Claramente si no hubiese habido testigos en la\ndetenci\u00f3n de George Floyd, habr\u00eda pasado inadvertido el desmedido actuar de\nDerek Chauvin.<\/p>\n\n\n\n<p>Lo\nimportante es que quienes cometen estos delitos lo reconozcan ante sus pares. Sus\nsuperiores sean responsables tambi\u00e9n para disponerlos a la justicia y cumplir\ncon los procedimientos pertinentes.<\/p>\n\n\n\n<p>Bueno\ntambi\u00e9n es quedarse con la imagen de solidaridad de muchos polic\u00edas que ante\nlos manifestantes optaron por inclinarse y arrodillarse en se\u00f1al de adhesi\u00f3n a\nlo que ocurre en Estados Unidos.<\/p>\n\n\n\n<p>Lo\nideal ser\u00eda que en todo el mundo los polic\u00edas sean vistos siempre como personas\nentregadas al servicio por ayudar al pr\u00f3jimo, por ser amigos de los afligidos\ncomo lo hemos visto con los carabineros de Chile en los casos de cat\u00e1strofes,\npero no verlos como si fuesen verdaderos soldados preparados para enfrentarse a\nuna guerra con un enemigo desarmado.<\/p>\n","protected":false},"excerpt":{"rendered":"<p>Hoy son muchos que est\u00e1n conmovidos por la tr\u00e1gica muerte del ciudadano de Minneapolis, estado de Minnessotta, George Floyd, quien falleci\u00f3 por asfixia a manos del polic\u00eda Derek Chauvin, cuando&#8230; <a class=\"read-more\" href=\"https:\/\/www.radiopresidenteibanez.cl\/web\/rechazo-internacional-por-rolando-martinez\/\">Leer m\u00e1s<\/a><\/p>\n","protected":false},"author":2,"featured_media":12429,"comment_status":"closed","ping_status":"closed","sticky":false,"template":"","format":"standard","meta":{"footnotes":""},"categories":[1],"tags":[],"class_list":["post-12428","post","type-post","status-publish","format-standard","has-post-thumbnail","hentry","category-cronica"],"_links":{"self":[{"href":"https:\/\/www.radiopresidenteibanez.cl\/web\/wp-json\/wp\/v2\/posts\/12428","targetHints":{"allow":["GET"]}}],"collection":[{"href":"https:\/\/www.radiopresidenteibanez.cl\/web\/wp-json\/wp\/v2\/posts"}],"about":[{"href":"https:\/\/www.radiopresidenteibanez.cl\/web\/wp-json\/wp\/v2\/types\/post"}],"author":[{"embeddable":true,"href":"https:\/\/www.radiopresidenteibanez.cl\/web\/wp-json\/wp\/v2\/users\/2"}],"replies":[{"embeddable":true,"href":"https:\/\/www.radiopresidenteibanez.cl\/web\/wp-json\/wp\/v2\/comments?post=12428"}],"version-history":[{"count":0,"href":"https:\/\/www.radiopresidenteibanez.cl\/web\/wp-json\/wp\/v2\/posts\/12428\/revisions"}],"wp:featuredmedia":[{"embeddable":true,"href":"https:\/\/www.radiopresidenteibanez.cl\/web\/wp-json\/wp\/v2\/media\/12429"}],"wp:attachment":[{"href":"https:\/\/www.radiopresidenteibanez.cl\/web\/wp-json\/wp\/v2\/media?parent=12428"}],"wp:term":[{"taxonomy":"category","embeddable":true,"href":"https:\/\/www.radiopresidenteibanez.cl\/web\/wp-json\/wp\/v2\/categories?post=12428"},{"taxonomy":"post_tag","embeddable":true,"href":"https:\/\/www.radiopresidenteibanez.cl\/web\/wp-json\/wp\/v2\/tags?post=12428"}],"curies":[{"name":"wp","href":"https:\/\/api.w.org\/{rel}","templated":true}]}}