{"id":12419,"date":"2020-06-04T12:58:51","date_gmt":"2020-06-04T12:58:51","guid":{"rendered":"https:\/\/www.radiopresidenteibanez.cl\/web\/?p=12419"},"modified":"2020-06-04T12:58:54","modified_gmt":"2020-06-04T12:58:54","slug":"con-un-mensaje-de-unidad-industriales-llaman-a-sumar-voluntades-en-tiempos-de-crisis","status":"publish","type":"post","link":"https:\/\/www.radiopresidenteibanez.cl\/web\/con-un-mensaje-de-unidad-industriales-llaman-a-sumar-voluntades-en-tiempos-de-crisis\/","title":{"rendered":"CON UN MENSAJE DE UNIDAD INDUSTRIALES LLAMAN A SUMAR VOLUNTADES EN TIEMPOS DE CRISIS"},"content":{"rendered":"\n<p>Como una forma de sumar voluntades para hacer frente a la dif\u00edcil y compleja situaci\u00f3n que enfrentan algunas instituciones de la provincia, la Asociaci\u00f3n Gremial de Industriales de Tierra del Fuego y Navarino, hizo un llamado a actuar con generosidad y contribuir con la comunidad en la medida de las posibilidades. \u201cHoy m\u00e1s que nunca toda ayuda sirve y por ello es que las empresas que integran nuestra organizaci\u00f3n -adem\u00e1s de gestionar de manera individual algunos aportes-&nbsp; nos hemos puesto en contacto con diversas instituciones para saber de qu\u00e9 forma colaborar. Es as\u00ed que hemos podido gestionar la entrega de insumos para abastecer de: 40 litros de desinfectante Saint 10 al Liceo Polivalente Hernando de Magallanes de Porvenir, productos c\u00e1rneos a la Parroquia San Francisco de Sales; mascarillas a carabineros en Cameron, Pampa Guanaco, Porvenir, Williams y Cerro Sombrero e insumos al Hospital de la capital provincial de Tierra del Fuego\u201d, indic\u00f3 Mauricio Inostroza, presidente de la organizaci\u00f3n.<\/p>\n\n\n\n<p>Asimismo, los Industriales entregaron al Hospital Dr. Marcos Chamorro Iglesias, insumos de aseo y elementos de protecci\u00f3n personal. De esta forma, m\u00e1s de dos mil doscientos pares de guantes quir\u00fargicos desechables, 2 mil pares de cubre calzado, adem\u00e1s de desinfectante, toallas de papel, pecheras de PVC y alcohol, fueron incorporados para el uso sanitario y gesti\u00f3n del establecimiento hospitalario.<\/p>\n\n\n\n<p>El respecto, la direcci\u00f3n del centro de salud valor\u00f3 dicho aporte de gran significancia, se\u00f1alaron, principalmente porque da cuenta del v\u00ednculo territorial y comunitario de la organizaci\u00f3n gremial. \u201cLas circunstancias epidemiol\u00f3gicas atraviesan a toda la sociedad a escala mundial, complejizando los escenarios de acci\u00f3n de los sistemas de salud y, por lo tanto, tambi\u00e9n del nuestro\u201d, coment\u00f3 el facultativo Ricardo Castro D\u00edaz, director del Hospital Dr. Marcos Chamorro.<\/p>\n\n\n\n<p>Finalmente y coincidente con el pensamiento de los Industriales, el facultativo llam\u00f3 a la unidad y solidaridad de la sociedad en su conjunto. \u201cEn tiempos de pandemia no s\u00f3lo debe enfatizarse el rol sanitario \u2013imperativo para el Estado en su conjunto- sino adem\u00e1s propiciar ambientes de participaci\u00f3n, respeto y empat\u00eda que potencien los v\u00ednculos sociales y que a su vez, permitan el desarrollo de entornos de confianza tan necesarios para que las expresiones solidarias de cada una de las partes que componen nuestra sociedad mitiguen las consecuencias sociales y econ\u00f3micas que se han sumado y ya se evidencian en el presente; cuya prolongaci\u00f3n en el tiempo obligar\u00e1 a que nadie est\u00e9 ajeno al problema producido por el coronavirus, instal\u00e1ndose como un desaf\u00edo, un verdadero acicate para que la colaboraci\u00f3n de cada uno, desde su \u00e1mbito: salud, empresariado, trabajadores, familias y comunidad en general, actuemos firme y decididamente para salir adelante fortalecidos\u201d, concluy\u00f3.<\/p>\n\n\n\n<p>En la fotograf\u00eda, Marcia Valenecia (al centro) en representaci\u00f3n de los Industriales, durante la entrega de parte de los insumos al Hospital Dr. Marcos Chamorro.<\/p>\n","protected":false},"excerpt":{"rendered":"<p>Como una forma de sumar voluntades para hacer frente a la dif\u00edcil y compleja situaci\u00f3n que enfrentan algunas instituciones de la provincia, la Asociaci\u00f3n Gremial de Industriales de Tierra del&#8230; <a class=\"read-more\" href=\"https:\/\/www.radiopresidenteibanez.cl\/web\/con-un-mensaje-de-unidad-industriales-llaman-a-sumar-voluntades-en-tiempos-de-crisis\/\">Leer m\u00e1s<\/a><\/p>\n","protected":false},"author":2,"featured_media":12420,"comment_status":"closed","ping_status":"closed","sticky":false,"template":"","format":"standard","meta":{"footnotes":""},"categories":[1],"tags":[],"class_list":["post-12419","post","type-post","status-publish","format-standard","has-post-thumbnail","hentry","category-cronica"],"_links":{"self":[{"href":"https:\/\/www.radiopresidenteibanez.cl\/web\/wp-json\/wp\/v2\/posts\/12419","targetHints":{"allow":["GET"]}}],"collection":[{"href":"https:\/\/www.radiopresidenteibanez.cl\/web\/wp-json\/wp\/v2\/posts"}],"about":[{"href":"https:\/\/www.radiopresidenteibanez.cl\/web\/wp-json\/wp\/v2\/types\/post"}],"author":[{"embeddable":true,"href":"https:\/\/www.radiopresidenteibanez.cl\/web\/wp-json\/wp\/v2\/users\/2"}],"replies":[{"embeddable":true,"href":"https:\/\/www.radiopresidenteibanez.cl\/web\/wp-json\/wp\/v2\/comments?post=12419"}],"version-history":[{"count":0,"href":"https:\/\/www.radiopresidenteibanez.cl\/web\/wp-json\/wp\/v2\/posts\/12419\/revisions"}],"wp:featuredmedia":[{"embeddable":true,"href":"https:\/\/www.radiopresidenteibanez.cl\/web\/wp-json\/wp\/v2\/media\/12420"}],"wp:attachment":[{"href":"https:\/\/www.radiopresidenteibanez.cl\/web\/wp-json\/wp\/v2\/media?parent=12419"}],"wp:term":[{"taxonomy":"category","embeddable":true,"href":"https:\/\/www.radiopresidenteibanez.cl\/web\/wp-json\/wp\/v2\/categories?post=12419"},{"taxonomy":"post_tag","embeddable":true,"href":"https:\/\/www.radiopresidenteibanez.cl\/web\/wp-json\/wp\/v2\/tags?post=12419"}],"curies":[{"name":"wp","href":"https:\/\/api.w.org\/{rel}","templated":true}]}}