{"id":12417,"date":"2020-06-04T12:56:27","date_gmt":"2020-06-04T12:56:27","guid":{"rendered":"https:\/\/www.radiopresidenteibanez.cl\/web\/?p=12417"},"modified":"2020-06-04T12:56:32","modified_gmt":"2020-06-04T12:56:32","slug":"cupos-disponibles-para-obtener-ayuda-social-en-la-comuna-de-natales","status":"publish","type":"post","link":"https:\/\/www.radiopresidenteibanez.cl\/web\/cupos-disponibles-para-obtener-ayuda-social-en-la-comuna-de-natales\/","title":{"rendered":"CUPOS DISPONIBLES PARA OBTENER AYUDA SOCIAL  EN LA COMUNA DE NATALES"},"content":{"rendered":"\n<p>Hace un mes\natr\u00e1s, la Municipalidad de Natales comenz\u00f3 a desarrollar el Plan Aniversario Social\n2020, que contempla entregar beneficios a las familias m\u00e1s vulnerables de la\ncomuna debido a la contingencia nacional y que han sido golpeados duramente en\nel aspecto econ\u00f3mico. <\/p>\n\n\n\n<p>En una primera\ninstancia se inici\u00f3 la campa\u00f1a con entrega de canastas de alimentos,\ncontinuando con la segunda etapa para conseguir pa\u00f1ales para ni\u00f1os, kits\ncovid-19 que contiene mascarillas, guantes y alcohol gel o \u00fatiles de aseo como\ncloro, detergente, jab\u00f3n l\u00edquido, bolsas de basura y toallitas h\u00famedas. <\/p>\n\n\n\n<p>La m\u00e1xima\nautoridad comunal, Fernando Paredes Mansilla, reiter\u00f3 el llamado a los\npobladores de Natales a inscribirse, recalc\u00f3 que \u201ctodav\u00eda siguen abiertas las\ninscripciones para que la gente pueda solicitar la entrega de materiales de\naseo o kit sanitario, proceso que vamos a entregar la pr\u00f3xima semana (\u2026)\nsolamente en materiales de aseo se espera beneficiar a 4.000 familias\u201d. <\/p>\n\n\n\n<p>Los beneficios\nque se han estado entregando y se entregar\u00e1n a los vecinos de Natales son un\naporte municipal junto al financiamiento del Gobierno Regional de Magallanes,\nConsejo Regional y el sector privado, en donde la coordinaci\u00f3n est\u00e1 a cargo la\nDirecci\u00f3n de Desarrollo Comunitario de la Municipalidad y el Departamento Social\nde la Gobernaci\u00f3n Provincial de \u00daltima Esperanza. En cuanto a la distribuci\u00f3n,\nse realizar\u00e1 a cada domicilio de las personas beneficiadas por el Destacamento\nAcorazado N\u00b05 \u201cLanceros\u201d y por m\u00e1s de 100 funcionarios municipales.<\/p>\n\n\n\n<p>Adem\u00e1s, el\nalcalde de Natales inform\u00f3 que \u201clas personas que han sido beneficiadas con\ncanastas de alimentos, no existe impedimento para que tambi\u00e9n puedan recibir\nestos kits sanitarios o materiales de aseo. Nosotros y nuestro Departamento Social\nen conjunto con la Gobernaci\u00f3n de \u00daltima Esperanza determinamos el caso\nprioritario de la gente que m\u00e1s lo necesita y si el informe de nuestros profesionales\nindican que pese haber recibido una canasta de alimentos, tambi\u00e9n pueden salir\nbeneficiados con la entrega de materiales de aseo y es perfectamente posible\u201d.<\/p>\n\n\n\n<p>Para\ninscribirse hay tres modalidades, llamando a uno de los siguientes n\u00fameros de\ntel\u00e9fono 612 209571 \u2013 612 209575 \u2013 612 209577 \u2013 612 209578, horario de atenci\u00f3n\nde 08:00 a 17:00 horas. Correo electr\u00f3nico <a href=\"mailto:ayudasocial@muninatales.cl\">ayudasocial@muninatales.cl<\/a> o de\nmanera presencial en oficina del Departamento Social de la Municipalidad de\n08:00 a 13:00 horas. <\/p>\n","protected":false},"excerpt":{"rendered":"<p>Hace un mes atr\u00e1s, la Municipalidad de Natales comenz\u00f3 a desarrollar el Plan Aniversario Social 2020, que contempla entregar beneficios a las familias m\u00e1s vulnerables de la comuna debido a&#8230; <a class=\"read-more\" href=\"https:\/\/www.radiopresidenteibanez.cl\/web\/cupos-disponibles-para-obtener-ayuda-social-en-la-comuna-de-natales\/\">Leer m\u00e1s<\/a><\/p>\n","protected":false},"author":2,"featured_media":101,"comment_status":"closed","ping_status":"closed","sticky":false,"template":"","format":"standard","meta":{"footnotes":""},"categories":[1],"tags":[],"class_list":["post-12417","post","type-post","status-publish","format-standard","has-post-thumbnail","hentry","category-cronica"],"_links":{"self":[{"href":"https:\/\/www.radiopresidenteibanez.cl\/web\/wp-json\/wp\/v2\/posts\/12417","targetHints":{"allow":["GET"]}}],"collection":[{"href":"https:\/\/www.radiopresidenteibanez.cl\/web\/wp-json\/wp\/v2\/posts"}],"about":[{"href":"https:\/\/www.radiopresidenteibanez.cl\/web\/wp-json\/wp\/v2\/types\/post"}],"author":[{"embeddable":true,"href":"https:\/\/www.radiopresidenteibanez.cl\/web\/wp-json\/wp\/v2\/users\/2"}],"replies":[{"embeddable":true,"href":"https:\/\/www.radiopresidenteibanez.cl\/web\/wp-json\/wp\/v2\/comments?post=12417"}],"version-history":[{"count":0,"href":"https:\/\/www.radiopresidenteibanez.cl\/web\/wp-json\/wp\/v2\/posts\/12417\/revisions"}],"wp:featuredmedia":[{"embeddable":true,"href":"https:\/\/www.radiopresidenteibanez.cl\/web\/wp-json\/wp\/v2\/media\/101"}],"wp:attachment":[{"href":"https:\/\/www.radiopresidenteibanez.cl\/web\/wp-json\/wp\/v2\/media?parent=12417"}],"wp:term":[{"taxonomy":"category","embeddable":true,"href":"https:\/\/www.radiopresidenteibanez.cl\/web\/wp-json\/wp\/v2\/categories?post=12417"},{"taxonomy":"post_tag","embeddable":true,"href":"https:\/\/www.radiopresidenteibanez.cl\/web\/wp-json\/wp\/v2\/tags?post=12417"}],"curies":[{"name":"wp","href":"https:\/\/api.w.org\/{rel}","templated":true}]}}