{"id":12406,"date":"2020-06-03T14:25:04","date_gmt":"2020-06-03T14:25:04","guid":{"rendered":"https:\/\/www.radiopresidenteibanez.cl\/web\/?p=12406"},"modified":"2020-06-03T14:25:08","modified_gmt":"2020-06-03T14:25:08","slug":"gobierno-regional-y-municipios-de-magallanes-realizaron-firma-de-convenio-para-entrega-de-ayuda-mediante-programa-alimentos-para-chile","status":"publish","type":"post","link":"https:\/\/www.radiopresidenteibanez.cl\/web\/gobierno-regional-y-municipios-de-magallanes-realizaron-firma-de-convenio-para-entrega-de-ayuda-mediante-programa-alimentos-para-chile\/","title":{"rendered":"GOBIERNO REGIONAL Y MUNICIPIOS DE MAGALLANES REALIZARON FIRMA DE CONVENIO PARA ENTREGA DE AYUDA MEDIANTE PROGRAMA \u201cALIMENTOS PARA CHILE\u201d"},"content":{"rendered":"\n<p>Durante la ma\u00f1ana de este mi\u00e9rcoles, el intendente, Jos\u00e9 Fern\u00e1ndez, junto al alcalde de Punta Arenas, Claudio Radonich, realizaron la firma de convenio que traspasa canastas familiares del programa \u201cAlimentos para Chile\u201d, para que sean distribuidas por los municipios a los habitantes.<\/p>\n","protected":false},"excerpt":{"rendered":"<p>Durante la ma\u00f1ana de este mi\u00e9rcoles, el intendente, Jos\u00e9 Fern\u00e1ndez, junto al alcalde de Punta Arenas, Claudio Radonich, realizaron la firma de convenio que traspasa canastas familiares del programa \u201cAlimentos&#8230; <a class=\"read-more\" href=\"https:\/\/www.radiopresidenteibanez.cl\/web\/gobierno-regional-y-municipios-de-magallanes-realizaron-firma-de-convenio-para-entrega-de-ayuda-mediante-programa-alimentos-para-chile\/\">Leer m\u00e1s<\/a><\/p>\n","protected":false},"author":2,"featured_media":12407,"comment_status":"closed","ping_status":"closed","sticky":false,"template":"","format":"standard","meta":{"footnotes":""},"categories":[1],"tags":[],"class_list":["post-12406","post","type-post","status-publish","format-standard","has-post-thumbnail","hentry","category-cronica"],"_links":{"self":[{"href":"https:\/\/www.radiopresidenteibanez.cl\/web\/wp-json\/wp\/v2\/posts\/12406","targetHints":{"allow":["GET"]}}],"collection":[{"href":"https:\/\/www.radiopresidenteibanez.cl\/web\/wp-json\/wp\/v2\/posts"}],"about":[{"href":"https:\/\/www.radiopresidenteibanez.cl\/web\/wp-json\/wp\/v2\/types\/post"}],"author":[{"embeddable":true,"href":"https:\/\/www.radiopresidenteibanez.cl\/web\/wp-json\/wp\/v2\/users\/2"}],"replies":[{"embeddable":true,"href":"https:\/\/www.radiopresidenteibanez.cl\/web\/wp-json\/wp\/v2\/comments?post=12406"}],"version-history":[{"count":0,"href":"https:\/\/www.radiopresidenteibanez.cl\/web\/wp-json\/wp\/v2\/posts\/12406\/revisions"}],"wp:featuredmedia":[{"embeddable":true,"href":"https:\/\/www.radiopresidenteibanez.cl\/web\/wp-json\/wp\/v2\/media\/12407"}],"wp:attachment":[{"href":"https:\/\/www.radiopresidenteibanez.cl\/web\/wp-json\/wp\/v2\/media?parent=12406"}],"wp:term":[{"taxonomy":"category","embeddable":true,"href":"https:\/\/www.radiopresidenteibanez.cl\/web\/wp-json\/wp\/v2\/categories?post=12406"},{"taxonomy":"post_tag","embeddable":true,"href":"https:\/\/www.radiopresidenteibanez.cl\/web\/wp-json\/wp\/v2\/tags?post=12406"}],"curies":[{"name":"wp","href":"https:\/\/api.w.org\/{rel}","templated":true}]}}