{"id":12404,"date":"2020-06-03T14:09:57","date_gmt":"2020-06-03T14:09:57","guid":{"rendered":"https:\/\/www.radiopresidenteibanez.cl\/web\/?p=12404"},"modified":"2020-06-03T14:10:01","modified_gmt":"2020-06-03T14:10:01","slug":"colegio-de-contadores-de-chile-a-g-reconoce-la-labor-que-desarrollan-sus-asociados","status":"publish","type":"post","link":"https:\/\/www.radiopresidenteibanez.cl\/web\/colegio-de-contadores-de-chile-a-g-reconoce-la-labor-que-desarrollan-sus-asociados\/","title":{"rendered":"COLEGIO DE CONTADORES DE CHILE A.G RECONOCE LA LABOR QUE DESARROLLAN SUS ASOCIADOS"},"content":{"rendered":"\n<p>El Consejo Regional de Magallanes del Colegio de Contadores\nde Chile A.G. con el presente comunicado viene a <strong>RECONOCER P\u00daBLICAMENTE el trabajo profesional desarrollado por los\nContadores asociados y no asociados, y de profesionales afines<\/strong>, que se\nenfrentaron a una Operaci\u00f3n Renta 2020 y una Ley de Protecci\u00f3n al Empleo, en un pa\u00eds bajo Estado\nde Cat\u00e1strofe, Decretado con\nfecha 18 de marzo del 2020.<\/p>\n\n\n\n<p>Mientras los funcionarios p\u00fablicos rechazaban p\u00fablica y\njustificadamente, el \u201cplan de retorno seguro\u201d a sus lugares\nde trabajo en forma justificada, para evitar el contagio de ellos y de sus familiares, por no llegar al m\u00e1ximo de\ncontagios en las diferentes provincias del pa\u00eds, el Gobierno de Chile <strong>exigi\u00f3 a los profesionales del sector\nprivado <\/strong>a cumplir los plazos normales de cumplimiento tributario e\ninsertando una recarga desmedida y entorpecedora de trabajo por una Ley mal\nhecha de Protecci\u00f3n al Empleo, en un pa\u00eds atacado por una Pandemia, sin\nprecedentes en la \u00e9poca contempor\u00e1nea.<\/p>\n\n\n\n<p>A\nsu vez, la Ley de Protecci\u00f3n al Empleo, dejo en evidencia el deficiente trabajo\nlegislativo del Poder Ejecutivo y Legislativo, al emitir una Ley de Protecci\u00f3n\nal Trabajo incompleta, que los oblig\u00f3 a ingresar al Congreso\nuna \u201cLey Corta\u201d, <strong>para tratar de mejorarla al d\u00eda siguiente que fue\npromulgada <\/strong>la Ley, y a pesar de la urgencia\nnecesaria para dar cumplimiento a las obligaciones sociales con los\ntrabajadores de Chile y las Pymes, se demoraron 57 d\u00edas en promulgarla. Lamentablemente ambos Poderes del Estado no cumplen con el rol de protecci\u00f3n de los ciudadanos, y delegan la\nresponsabilidad a los profesionales del sector privado quienes deben darle la\naplicabilidad e interpretaci\u00f3n, en contra del\ntiempo.<\/p>\n\n\n\n<p>Para\nterminar, simplemente manifestar a los Contadores y profesionales afines del\nsector privado, que se desempe\u00f1aron en estas dos Operaciones: tributaria y laboral,\nque su trabajo debe ser reconocido por la comunidad, y a lo menos\npor sus clientes, empleadores y sus pares. Porque sin Contadores y profesionales afines,\nno hab\u00eda Operaci\u00f3n Renta ni Ley de Protecci\u00f3n al Empleo, y que esperamos que el Gobierno\ny las autoridades legislativas, de todas las tendencias\npol\u00edticas, <strong>entiendan <\/strong>que este es el\nmomento oportuno de hacer las cosas bien y a tiempo, con leyes claras y comprensibles que impidan posterior\nperjuicio a las Pymes o los trabajadores por los organismos fiscalizadores; y que entreguen un beneficio\nclaro y efectivo, porque <strong>Chile no puede\nesperar y no merece improvisaci\u00f3n<\/strong>.<\/p>\n\n\n\n<p>Adolfo\nJuan Canales Guentelic\u00e1n, Presidente del Consejo Regional de Magallanes, del\nColegio de Contadores de Chile A.G.<\/p>\n","protected":false},"excerpt":{"rendered":"<p>El Consejo Regional de Magallanes del Colegio de Contadores de Chile A.G. con el presente comunicado viene a RECONOCER P\u00daBLICAMENTE el trabajo profesional desarrollado por los Contadores asociados y no&#8230; <a class=\"read-more\" href=\"https:\/\/www.radiopresidenteibanez.cl\/web\/colegio-de-contadores-de-chile-a-g-reconoce-la-labor-que-desarrollan-sus-asociados\/\">Leer m\u00e1s<\/a><\/p>\n","protected":false},"author":2,"featured_media":740,"comment_status":"closed","ping_status":"closed","sticky":false,"template":"","format":"standard","meta":{"footnotes":""},"categories":[1],"tags":[],"class_list":["post-12404","post","type-post","status-publish","format-standard","has-post-thumbnail","hentry","category-cronica"],"_links":{"self":[{"href":"https:\/\/www.radiopresidenteibanez.cl\/web\/wp-json\/wp\/v2\/posts\/12404","targetHints":{"allow":["GET"]}}],"collection":[{"href":"https:\/\/www.radiopresidenteibanez.cl\/web\/wp-json\/wp\/v2\/posts"}],"about":[{"href":"https:\/\/www.radiopresidenteibanez.cl\/web\/wp-json\/wp\/v2\/types\/post"}],"author":[{"embeddable":true,"href":"https:\/\/www.radiopresidenteibanez.cl\/web\/wp-json\/wp\/v2\/users\/2"}],"replies":[{"embeddable":true,"href":"https:\/\/www.radiopresidenteibanez.cl\/web\/wp-json\/wp\/v2\/comments?post=12404"}],"version-history":[{"count":0,"href":"https:\/\/www.radiopresidenteibanez.cl\/web\/wp-json\/wp\/v2\/posts\/12404\/revisions"}],"wp:featuredmedia":[{"embeddable":true,"href":"https:\/\/www.radiopresidenteibanez.cl\/web\/wp-json\/wp\/v2\/media\/740"}],"wp:attachment":[{"href":"https:\/\/www.radiopresidenteibanez.cl\/web\/wp-json\/wp\/v2\/media?parent=12404"}],"wp:term":[{"taxonomy":"category","embeddable":true,"href":"https:\/\/www.radiopresidenteibanez.cl\/web\/wp-json\/wp\/v2\/categories?post=12404"},{"taxonomy":"post_tag","embeddable":true,"href":"https:\/\/www.radiopresidenteibanez.cl\/web\/wp-json\/wp\/v2\/tags?post=12404"}],"curies":[{"name":"wp","href":"https:\/\/api.w.org\/{rel}","templated":true}]}}