{"id":12401,"date":"2020-06-03T14:06:10","date_gmt":"2020-06-03T14:06:10","guid":{"rendered":"https:\/\/www.radiopresidenteibanez.cl\/web\/?p=12401"},"modified":"2020-06-03T14:06:15","modified_gmt":"2020-06-03T14:06:15","slug":"iva-brigada-aerea-traslado-equipamiento-medico-destinado-al-hospital-de-puerto-williams","status":"publish","type":"post","link":"https:\/\/www.radiopresidenteibanez.cl\/web\/iva-brigada-aerea-traslado-equipamiento-medico-destinado-al-hospital-de-puerto-williams\/","title":{"rendered":"IVa BRIGADA A\u00c9REA TRASLAD\u00d3 EQUIPAMIENTO M\u00c9DICO DESTINADO AL HOSPITAL DE PUERTO WILLIAMS"},"content":{"rendered":"\n<p>Una tripulaci\u00f3n del Grupo de\nAviaci\u00f3n N\u00b06 de la IV<sup>a<\/sup> Brigada A\u00e9rea, traslad\u00f3 hasta Puerto Williams\nuna nueva partida de suministros m\u00e9dicos, destinada al Hospital Comunitario\nCristina Calder\u00f3n de dicha ciudad, lo que permitir\u00e1 reforzar la atenci\u00f3n de los\nusuarios de ese centro de salud.<\/p>\n\n\n\n<p>La carga sanitaria consisti\u00f3\nen dos monitores cl\u00ednicos multipar\u00e1metros, un carro de transporte de\nmedicamentos y test de muestras para COVID-19, la que fue trasportada a bordo\nde una aeronave DHC-6 Twin Otter, desde la Base A\u00e9rea Chabunco hasta el\naer\u00f3dromo Guardiamarina Za\u00f1artu, donde fue entregada al personal del recinto\nasistencial.<\/p>\n\n\n\n<p>En el marco de este mismo\nvuelo, viaj\u00f3 hasta la ciudad m\u00e1s austral de Chile, un equipo multidisciplinario\ndel Servicio de Salud Magallanes, que realizar\u00e1 diversas labores\nadministrativas en el centro m\u00e9dico.<\/p>\n\n\n\n<p>En esta emergencia sanitaria\nque afecta al pa\u00eds, la IV<sup>a<\/sup> Brigada A\u00e9rea contin\u00faa desplegando sus\naeronaves y estableciendo puentes a\u00e9reos para llevar apoyo a los lugares m\u00e1s\napartados de la regi\u00f3n de Magallanes y la Ant\u00e1rtica Chilena, seg\u00fan las\ndisposiciones de las autoridades y en beneficio de la poblaci\u00f3n.<\/p>\n","protected":false},"excerpt":{"rendered":"<p>Una tripulaci\u00f3n del Grupo de Aviaci\u00f3n N\u00b06 de la IVa Brigada A\u00e9rea, traslad\u00f3 hasta Puerto Williams una nueva partida de suministros m\u00e9dicos, destinada al Hospital Comunitario Cristina Calder\u00f3n de dicha&#8230; <a class=\"read-more\" href=\"https:\/\/www.radiopresidenteibanez.cl\/web\/iva-brigada-aerea-traslado-equipamiento-medico-destinado-al-hospital-de-puerto-williams\/\">Leer m\u00e1s<\/a><\/p>\n","protected":false},"author":2,"featured_media":12402,"comment_status":"closed","ping_status":"closed","sticky":false,"template":"","format":"standard","meta":{"footnotes":""},"categories":[1],"tags":[],"class_list":["post-12401","post","type-post","status-publish","format-standard","has-post-thumbnail","hentry","category-cronica"],"_links":{"self":[{"href":"https:\/\/www.radiopresidenteibanez.cl\/web\/wp-json\/wp\/v2\/posts\/12401","targetHints":{"allow":["GET"]}}],"collection":[{"href":"https:\/\/www.radiopresidenteibanez.cl\/web\/wp-json\/wp\/v2\/posts"}],"about":[{"href":"https:\/\/www.radiopresidenteibanez.cl\/web\/wp-json\/wp\/v2\/types\/post"}],"author":[{"embeddable":true,"href":"https:\/\/www.radiopresidenteibanez.cl\/web\/wp-json\/wp\/v2\/users\/2"}],"replies":[{"embeddable":true,"href":"https:\/\/www.radiopresidenteibanez.cl\/web\/wp-json\/wp\/v2\/comments?post=12401"}],"version-history":[{"count":0,"href":"https:\/\/www.radiopresidenteibanez.cl\/web\/wp-json\/wp\/v2\/posts\/12401\/revisions"}],"wp:featuredmedia":[{"embeddable":true,"href":"https:\/\/www.radiopresidenteibanez.cl\/web\/wp-json\/wp\/v2\/media\/12402"}],"wp:attachment":[{"href":"https:\/\/www.radiopresidenteibanez.cl\/web\/wp-json\/wp\/v2\/media?parent=12401"}],"wp:term":[{"taxonomy":"category","embeddable":true,"href":"https:\/\/www.radiopresidenteibanez.cl\/web\/wp-json\/wp\/v2\/categories?post=12401"},{"taxonomy":"post_tag","embeddable":true,"href":"https:\/\/www.radiopresidenteibanez.cl\/web\/wp-json\/wp\/v2\/tags?post=12401"}],"curies":[{"name":"wp","href":"https:\/\/api.w.org\/{rel}","templated":true}]}}