{"id":12398,"date":"2020-06-03T14:03:47","date_gmt":"2020-06-03T14:03:47","guid":{"rendered":"https:\/\/www.radiopresidenteibanez.cl\/web\/?p=12398"},"modified":"2020-06-03T14:03:50","modified_gmt":"2020-06-03T14:03:50","slug":"consejeros-regionales-se-reunieron-con-seremi-del-trabajo-y-presidente-regional-de-la-camara-chilena-de-la-construccion","status":"publish","type":"post","link":"https:\/\/www.radiopresidenteibanez.cl\/web\/consejeros-regionales-se-reunieron-con-seremi-del-trabajo-y-presidente-regional-de-la-camara-chilena-de-la-construccion\/","title":{"rendered":"CONSEJEROS REGIONALES SE REUNIERON CON SEREMI DEL TRABAJO Y PRESIDENTE REGIONAL DE LA C\u00c1MARA CHILENA DE LA CONSTRUCCI\u00d3N"},"content":{"rendered":"\n<p>Con el objetivo de analizar el\nimpacto de la pandemia COVID-19 en la tasa de desempleo regional y en la\ncontrataci\u00f3n de mano de obra, los consejeros regionales se reunieron este lunes\ncon la seremi del Trabajo, Victoria Cort\u00e9s y con el presidente regional de la C\u00e1mara\nChilena de la Construcci\u00f3n, Jos\u00e9 Alvarado. <\/p>\n\n\n\n<p>Seg\u00fan coment\u00f3 el presidente de\nla comisi\u00f3n Social y Cultural, Juan Vukusich, la reuni\u00f3n estuvo centrada en el\ntema del trabajo y los trabajadores \u201cen cuanto al sector de la construcci\u00f3n, la\nidea es tomar las medidas sanitarias de precauci\u00f3n a fin de reactivar el rubro.\nTambi\u00e9n se plantearon inquietudes referidas a la reapertura del \u00e1rea\ngastron\u00f3mica que tiene muchas dificultades pero se nos indic\u00f3 que esa decisi\u00f3n est\u00e1\nen manos de la seremi de Salud\u201d.<\/p>\n\n\n\n<p>\u201cEn otro punto se habl\u00f3 de la\nposibilidad de priorizar la contrataci\u00f3n de mano de obra local, sin embargo\neste puede ser un tema discriminatorio y no corresponde porque se nos inform\u00f3\nque quienes llegan, lo hacen porque cuentan con alguna especializaci\u00f3n que en\nla regi\u00f3n est\u00e1 en falencia y lo m\u00e1s importante, es que son personas que tambi\u00e9n\ntienen derecho a trabajar. Lo que debemos plantearnos es como entregar mayor\ncapacitaci\u00f3n y especializaci\u00f3n a los trabajadores fundamentalmente en el \u00e1rea\nde la construcci\u00f3n y ello permitir\u00e1 ocupar m\u00e1s mano de obra de la regi\u00f3n\u201d, detall\u00f3\nel consejero Vukusich. <\/p>\n\n\n\n<p>Por su parte el consejero de\n\u00daltima Esperanza, Tolentino Soto, se\u00f1al\u00f3 \u201cpodemos entender que efectivamente se\nrequiere mano de obra calificada en muchos sectores lo cual nos deja impl\u00edcito\nun mensaje acerca de la necesidad de capacitar a trabajadores en aquellos oficios\nque hoy son la matriz productiva de la regi\u00f3n. Tambi\u00e9n ser\u00eda importante que las\nunidades t\u00e9cnicas consideren en las bases administrativas de las licitaciones a\nobras p\u00fablicas, un cierto puntaje para aquellas empresas que prioricen la absorci\u00f3n\nde mano de obra local\u201d. <\/p>\n\n\n\n<p>Finalmente en la oportunidad\nel consejero, Emilio Boccazzi, plante\u00f3 su preocupaci\u00f3n respecto al cumplimiento\nde las cuarentenas preventivas y las medidas sanitarias que se estar\u00edan\naplicando a los trabajadores que llegan a la regi\u00f3n. Seg\u00fan lo informado por la\nseremi del Trabajo, antes de subir al avi\u00f3n deben realizarse un test r\u00e1pido y\ntoma de temperatura, al bajar deben entregar de una declaraci\u00f3n jurada y en\ncaso de encontrarse en cuarentena preventiva, los trabajadores no deber\u00edan\nviajar. <\/p>\n","protected":false},"excerpt":{"rendered":"<p>Con el objetivo de analizar el impacto de la pandemia COVID-19 en la tasa de desempleo regional y en la contrataci\u00f3n de mano de obra, los consejeros regionales se reunieron&#8230; <a class=\"read-more\" href=\"https:\/\/www.radiopresidenteibanez.cl\/web\/consejeros-regionales-se-reunieron-con-seremi-del-trabajo-y-presidente-regional-de-la-camara-chilena-de-la-construccion\/\">Leer m\u00e1s<\/a><\/p>\n","protected":false},"author":2,"featured_media":12399,"comment_status":"closed","ping_status":"closed","sticky":false,"template":"","format":"standard","meta":{"footnotes":""},"categories":[1],"tags":[],"class_list":["post-12398","post","type-post","status-publish","format-standard","has-post-thumbnail","hentry","category-cronica"],"_links":{"self":[{"href":"https:\/\/www.radiopresidenteibanez.cl\/web\/wp-json\/wp\/v2\/posts\/12398","targetHints":{"allow":["GET"]}}],"collection":[{"href":"https:\/\/www.radiopresidenteibanez.cl\/web\/wp-json\/wp\/v2\/posts"}],"about":[{"href":"https:\/\/www.radiopresidenteibanez.cl\/web\/wp-json\/wp\/v2\/types\/post"}],"author":[{"embeddable":true,"href":"https:\/\/www.radiopresidenteibanez.cl\/web\/wp-json\/wp\/v2\/users\/2"}],"replies":[{"embeddable":true,"href":"https:\/\/www.radiopresidenteibanez.cl\/web\/wp-json\/wp\/v2\/comments?post=12398"}],"version-history":[{"count":0,"href":"https:\/\/www.radiopresidenteibanez.cl\/web\/wp-json\/wp\/v2\/posts\/12398\/revisions"}],"wp:featuredmedia":[{"embeddable":true,"href":"https:\/\/www.radiopresidenteibanez.cl\/web\/wp-json\/wp\/v2\/media\/12399"}],"wp:attachment":[{"href":"https:\/\/www.radiopresidenteibanez.cl\/web\/wp-json\/wp\/v2\/media?parent=12398"}],"wp:term":[{"taxonomy":"category","embeddable":true,"href":"https:\/\/www.radiopresidenteibanez.cl\/web\/wp-json\/wp\/v2\/categories?post=12398"},{"taxonomy":"post_tag","embeddable":true,"href":"https:\/\/www.radiopresidenteibanez.cl\/web\/wp-json\/wp\/v2\/tags?post=12398"}],"curies":[{"name":"wp","href":"https:\/\/api.w.org\/{rel}","templated":true}]}}