{"id":12385,"date":"2020-06-02T20:16:36","date_gmt":"2020-06-02T20:16:36","guid":{"rendered":"https:\/\/www.radiopresidenteibanez.cl\/web\/?p=12385"},"modified":"2020-06-02T20:16:39","modified_gmt":"2020-06-02T20:16:39","slug":"via-austral-entregara-50-cajas-de-viveres-entre-las-familias-de-sus-trabajadores-y-vecinos-de-la-comunidad","status":"publish","type":"post","link":"https:\/\/www.radiopresidenteibanez.cl\/web\/via-austral-entregara-50-cajas-de-viveres-entre-las-familias-de-sus-trabajadores-y-vecinos-de-la-comunidad\/","title":{"rendered":"V\u00cdA AUSTRAL ENTREGAR\u00c1 50 CAJAS DE V\u00cdVERES ENTRE LAS FAMILIAS DE SUS TRABAJADORES Y VECINOS DE LA COMUNIDAD"},"content":{"rendered":"\n<p>Este martes 2 de junio se inici\u00f3\nla entrega de 50 canastas familiares que la empresa Inversiones Australes, empresa\nadministradora de los buses del transporte mayor V\u00eda Austral en Punta Arenas, donar\u00e1\na algunos de sus trabajadores que est\u00e9n enfrentando dif\u00edciles momentos a ra\u00edz\nde la contingencia sanitaria. Adem\u00e1s, la firma entregar\u00e1 donativos de\nmercader\u00eda a diferentes familias, ajenas a la empresa, que fueron escogidas por\nlos propios funcionarios de la firma.<\/p>\n\n\n\n<p>\u201cEsto est\u00e1 en el contexto de los\nesfuerzos que tenemos que hacer todos para apoyar a aquellos que est\u00e1n\nsufriendo alg\u00fan tipo de necesidad producto de la situaci\u00f3n por todos conocida (\u2026)\napoyar a algunas de las personas que estuvieran con licencia m\u00e9dica o bien que\nest\u00e9n con suspensi\u00f3n laboral\u201d, se\u00f1al\u00f3 Roberto Rodr\u00edguez, gerente de la empresa Inversiones\nAustrales.<\/p>\n\n\n\n<p>Fue por eso que la firma dispuso\nrecursos para preparar cajas con productos b\u00e1sicos para el consumo, e inici\u00f3 esta\nsemana la entrega en los domicilios de los beneficiarios.<\/p>\n\n\n\n<p>Uno de ellos fue Juan Montero\nMiranda, administrativo de la empresa, quien recibi\u00f3 de la mano de sus colegas,\nAlicia Alonso de Recursos Humanos y Gabriela Dur\u00e1n prevencionista de riesgos,\nlos productos. \u201cMe parece una linda iniciativa, y tomando en cuenta la\ncontingencia que estamos viviendo, nunca est\u00e1 de m\u00e1s\u201d, manifest\u00f3 agradecido.<\/p>\n\n\n\n<p>Sin embargo, la iniciativa de V\u00eda\nAustral quiso ir un poco m\u00e1s all\u00e1, as\u00ed lo explic\u00f3 el gerente de la empresa,\nquien subray\u00f3 que, si bien la ayuda naci\u00f3 para ir en apoyo de los propios\ntrabajadores, se quiso extender a vecinos de la comuna, muchos de los cuales\nest\u00e1n enfrentando, ya sea por motivos de salud o laborales, carencias incluso\nen los insumos m\u00e1s b\u00e1sicos.<\/p>\n\n\n\n<p>\u201cDado que somos una empresa que\ntrabajamos con usuarios, tambi\u00e9n decidimos extender esa ayuda a otros con los\nque nos relacionamos a diario, y que, si bien no son nuestros trabajadores, no\npor eso no los vamos a apoyar, menos ahora que es tan necesario\u201d, a\u00f1adi\u00f3\nRodr\u00edguez.<\/p>\n\n\n\n<p>Fue as\u00ed que la donaci\u00f3n lleg\u00f3\ntambi\u00e9n a manos de vecinos y comerciantes que han visto mermados sus ingresos\ndebido a la pandemia del Covid-19, entre ellos, do\u00f1a Iris Tecay Vargas, vecina\nde la poblaci\u00f3n Cumbres Patag\u00f3nicas dedicada al comercio ambulante, viuda, y que\nvive con sus hijas y sus nietas.<\/p>\n\n\n\n<p>Ella \u2013afirm\u00f3- est\u00e1 pasando por\ndif\u00edciles momentos al no poder salir a trabajar, adem\u00e1s de una mermada salud,\npor lo que esta ayuda -asegur\u00f3- fue un gran alivio para su familia. \u201cMuchas\ngracias, lo recibimos muy bien porque no nos quedaba ya nada\u201d, coment\u00f3.<\/p>\n\n\n\n<p>Finalmente, la empresa inform\u00f3\nque la entrega de estos beneficios se quiere seguir realizando, dentro de las\nfacultades que se tengan, y por supuesto, en el marco de lo posible, extenderlo\na la comunidad.<\/p>\n","protected":false},"excerpt":{"rendered":"<p>Este martes 2 de junio se inici\u00f3 la entrega de 50 canastas familiares que la empresa Inversiones Australes, empresa administradora de los buses del transporte mayor V\u00eda Austral en Punta&#8230; <a class=\"read-more\" href=\"https:\/\/www.radiopresidenteibanez.cl\/web\/via-austral-entregara-50-cajas-de-viveres-entre-las-familias-de-sus-trabajadores-y-vecinos-de-la-comunidad\/\">Leer m\u00e1s<\/a><\/p>\n","protected":false},"author":2,"featured_media":12386,"comment_status":"closed","ping_status":"closed","sticky":false,"template":"","format":"standard","meta":{"footnotes":""},"categories":[1],"tags":[],"class_list":["post-12385","post","type-post","status-publish","format-standard","has-post-thumbnail","hentry","category-cronica"],"_links":{"self":[{"href":"https:\/\/www.radiopresidenteibanez.cl\/web\/wp-json\/wp\/v2\/posts\/12385","targetHints":{"allow":["GET"]}}],"collection":[{"href":"https:\/\/www.radiopresidenteibanez.cl\/web\/wp-json\/wp\/v2\/posts"}],"about":[{"href":"https:\/\/www.radiopresidenteibanez.cl\/web\/wp-json\/wp\/v2\/types\/post"}],"author":[{"embeddable":true,"href":"https:\/\/www.radiopresidenteibanez.cl\/web\/wp-json\/wp\/v2\/users\/2"}],"replies":[{"embeddable":true,"href":"https:\/\/www.radiopresidenteibanez.cl\/web\/wp-json\/wp\/v2\/comments?post=12385"}],"version-history":[{"count":0,"href":"https:\/\/www.radiopresidenteibanez.cl\/web\/wp-json\/wp\/v2\/posts\/12385\/revisions"}],"wp:featuredmedia":[{"embeddable":true,"href":"https:\/\/www.radiopresidenteibanez.cl\/web\/wp-json\/wp\/v2\/media\/12386"}],"wp:attachment":[{"href":"https:\/\/www.radiopresidenteibanez.cl\/web\/wp-json\/wp\/v2\/media?parent=12385"}],"wp:term":[{"taxonomy":"category","embeddable":true,"href":"https:\/\/www.radiopresidenteibanez.cl\/web\/wp-json\/wp\/v2\/categories?post=12385"},{"taxonomy":"post_tag","embeddable":true,"href":"https:\/\/www.radiopresidenteibanez.cl\/web\/wp-json\/wp\/v2\/tags?post=12385"}],"curies":[{"name":"wp","href":"https:\/\/api.w.org\/{rel}","templated":true}]}}