{"id":12383,"date":"2020-06-02T20:12:18","date_gmt":"2020-06-02T20:12:18","guid":{"rendered":"https:\/\/www.radiopresidenteibanez.cl\/web\/?p=12383"},"modified":"2020-06-02T20:12:23","modified_gmt":"2020-06-02T20:12:23","slug":"la-burbuja-por-pablo-cruz","status":"publish","type":"post","link":"https:\/\/www.radiopresidenteibanez.cl\/web\/la-burbuja-por-pablo-cruz\/","title":{"rendered":"LA BURBUJA por Pablo Cruz"},"content":{"rendered":"\n<p>El Ministro de Salud, con una honestidad casi ingenua,\nha dicho que ignoraba cuanta miseria exist\u00eda en Santiago.<\/p>\n\n\n\n<p>Tal declaraci\u00f3n de don Jaime Ma\u00f1alich no es sino la\ncomprobaci\u00f3n de lo que todos los chilenos comunes y corrientes sabemos: las autoridades\ncentrales, los dirigentes pol\u00edticos, viven en una burbuja. Pertenecen a otro\nChile, el de la renta per c\u00e1pita de miles de d\u00f3lares, el de los parlamentarios\ncon las dietas m\u00e1s altas de los pa\u00edses de la OCDE y equivalentes, tomemos nota,\na 33 sueldos m\u00ednimos. Vaya uno a calcular cuantas veces una pensi\u00f3n miserable\nde poco m\u00e1s de 100 mil pesos.<\/p>\n\n\n\n<p>Curiosamente, los primeros en protestar por las\ndeclaraciones del Ministro, fueron algunos parlamentarios y uno dice, que bueno\nque se les est\u00e9 despertando la conciencia social y se enojen porque el ministro\nno sab\u00eda que hab\u00eda muchos pobres.<\/p>\n\n\n\n<p>Pero si uno es mal pensado, cree que los\nparlamentarios protestaron no por conciencia social, sino porque creyeron que\nal ministro, como se dice en buen chileno, se le cay\u00f3 el casete. \u00a1Quien lo\nmanda a ir diciendo que la clase pol\u00edtica, con sus altas rentas, no sabe que\nhay mucha pobreza en Chile! Si las cifras oficiales dicen otra cosa, el a\u00f1o 2019,\nel producto per c\u00e1pita de los chilenos era de m\u00e1s de 21 mil d\u00f3lares.<\/p>\n\n\n\n<p>Para saber la realidad nacional, hay que salir de la\nburbuja que proporcionan los sueldos millonarios. Si el Ministro bajara de las\ngrandes cl\u00ednicas a los consultorios comunales, no se sorprender\u00eda&nbsp; al comprobar que hay gente que vive miserablemente.<\/p>\n\n\n\n<p>Pero no nos aflijamos. Seg\u00fan la encuesta Casen, que\nmide las condiciones socioecon\u00f3micas de los hogares del pa\u00eds, el a\u00f1o 2017 hab\u00eda\nun 8,6 por ciento de pobreza por ingresos y un 2,3 por ciento de chilenos en\npobreza extrema.<\/p>\n\n\n\n<p>Con esas cifras, hasta se entiende la sorpresa del\nMinistro.<\/p>\n","protected":false},"excerpt":{"rendered":"<p>El Ministro de Salud, con una honestidad casi ingenua, ha dicho que ignoraba cuanta miseria exist\u00eda en Santiago. Tal declaraci\u00f3n de don Jaime Ma\u00f1alich no es sino la comprobaci\u00f3n de&#8230; <a class=\"read-more\" href=\"https:\/\/www.radiopresidenteibanez.cl\/web\/la-burbuja-por-pablo-cruz\/\">Leer m\u00e1s<\/a><\/p>\n","protected":false},"author":2,"featured_media":10716,"comment_status":"closed","ping_status":"closed","sticky":false,"template":"","format":"standard","meta":{"footnotes":""},"categories":[1],"tags":[],"class_list":["post-12383","post","type-post","status-publish","format-standard","has-post-thumbnail","hentry","category-cronica"],"_links":{"self":[{"href":"https:\/\/www.radiopresidenteibanez.cl\/web\/wp-json\/wp\/v2\/posts\/12383","targetHints":{"allow":["GET"]}}],"collection":[{"href":"https:\/\/www.radiopresidenteibanez.cl\/web\/wp-json\/wp\/v2\/posts"}],"about":[{"href":"https:\/\/www.radiopresidenteibanez.cl\/web\/wp-json\/wp\/v2\/types\/post"}],"author":[{"embeddable":true,"href":"https:\/\/www.radiopresidenteibanez.cl\/web\/wp-json\/wp\/v2\/users\/2"}],"replies":[{"embeddable":true,"href":"https:\/\/www.radiopresidenteibanez.cl\/web\/wp-json\/wp\/v2\/comments?post=12383"}],"version-history":[{"count":0,"href":"https:\/\/www.radiopresidenteibanez.cl\/web\/wp-json\/wp\/v2\/posts\/12383\/revisions"}],"wp:featuredmedia":[{"embeddable":true,"href":"https:\/\/www.radiopresidenteibanez.cl\/web\/wp-json\/wp\/v2\/media\/10716"}],"wp:attachment":[{"href":"https:\/\/www.radiopresidenteibanez.cl\/web\/wp-json\/wp\/v2\/media?parent=12383"}],"wp:term":[{"taxonomy":"category","embeddable":true,"href":"https:\/\/www.radiopresidenteibanez.cl\/web\/wp-json\/wp\/v2\/categories?post=12383"},{"taxonomy":"post_tag","embeddable":true,"href":"https:\/\/www.radiopresidenteibanez.cl\/web\/wp-json\/wp\/v2\/tags?post=12383"}],"curies":[{"name":"wp","href":"https:\/\/api.w.org\/{rel}","templated":true}]}}