{"id":12380,"date":"2020-06-02T20:08:44","date_gmt":"2020-06-02T20:08:44","guid":{"rendered":"https:\/\/www.radiopresidenteibanez.cl\/web\/?p=12380"},"modified":"2020-06-02T20:08:48","modified_gmt":"2020-06-02T20:08:48","slug":"seremi-de-gobierno-entrega-100-cajas-de-alimentos-donadas-por-minera-local-a-gobernaciones-de-magallanes-y-ultima-esperanza","status":"publish","type":"post","link":"https:\/\/www.radiopresidenteibanez.cl\/web\/seremi-de-gobierno-entrega-100-cajas-de-alimentos-donadas-por-minera-local-a-gobernaciones-de-magallanes-y-ultima-esperanza\/","title":{"rendered":"SEREMI DE GOBIERNO ENTREGA 100 CAJAS DE ALIMENTOS DONADAS POR MINERA LOCAL A GOBERNACIONES DE MAGALLANES Y \u00daLTIMA ESPERANZA"},"content":{"rendered":"\n<p>Este martes en representaci\u00f3n de la intendencia, la\nseremi de Gobierno, Alejandra Mu\u00f1oz entreg\u00f3 100 cajas de alimentos donadas por\nuna minera local a las gobernaciones provinciales de Magallanes y \u00daltima\nEsperanza, quienes se encargar\u00e1n de distribuirlas a 50 familias vulnerables de\nPunta Arenas y 50 de Puerto Natales. <\/p>\n\n\n\n<p>En ese sentido, la vocera del Gobierno Regional\ndestac\u00f3 que una vez m\u00e1s, se ve materializada la ayuda de la empresa privada\nhacia las personas que m\u00e1s lo necesitan. <\/p>\n\n\n\n<p>\u201cEstamos conscientes que esta pandemia no solamente ha\ndejado efectos de \u00edndole sanitario, sino que tambi\u00e9n econ\u00f3micos, laborales y ha\nimpactado fuertemente en los ingresos de los grupos familiares. Es por eso que\nagradecemos la donaci\u00f3n de esta minera local que ha contribuido para poder atender\nlas demandas de las familias que m\u00e1s lo necesitan\u201d, asegur\u00f3. <\/p>\n\n\n\n<p>Adem\u00e1s, la autoridad a\u00f1adi\u00f3 que \u201cestamos trabajando\ncon sentido de urgencia y eso es lo que nos ha mandatado el Presidente\nSebasti\u00e1n Pi\u00f1era, para poder implementar no solo las medidas del gobierno, sino\ntambi\u00e9n poder contribuir en un trabajo conjunto con la sociedad civil y\naquellas empresas privadas dispuestas a colaborar con los vecinos y vecinas que\nlo est\u00e1n pasando mal\u201d.<\/p>\n\n\n\n<p>El gobernador de Magallanes, Homero Villegas,\nagradeci\u00f3 la donaci\u00f3n, se\u00f1alando que est\u00e1n teniendo una alta demanda en\nsolicitudes de ayuda, por lo que han tratado de gestionar lo mejor posible para\nllegar con la ayuda lo antes posible.<\/p>\n\n\n\n<p>\u201cHay familias en Punta Arenas que lo est\u00e1n pasando muy\nmal, as\u00ed que esperemos con esto mitigar en parte el sufrimiento que est\u00e1n\nteniendo. Como gobierno estamos compenetrados en apoyar, en llegar con la ayuda\ncon sentido de urgencia que es lo que se requiere hoy. Quiero valorar la uni\u00f3n\nvirtuosa entre el mundo privado con el mundo p\u00fablico, que tiene que seguir y\nacrecentarse, porque la gente lo necesita\u201d, dijo Villegas.<\/p>\n\n\n\n<p>En tanto, el gobernador de \u00daltima Esperanza, Ra\u00fal\nSuazo, indic\u00f3 que \u201chicimos todas las coordinaciones para identificar a las\nfamilias que requieren este beneficio que en parte los ayudar\u00e1 y ser\u00e1 un\nalivio, estamos muy agradecidos de \u00e9ste aporte de la minera local\u201d.<\/p>\n\n\n\n<p>Finalmente,\nel seremi (s) de Miner\u00eda, Pablo Rendoll, quien recibi\u00f3 la donaci\u00f3n, enfatiz\u00f3\nque \u201c\u00e9ste aporte significativo de canastas con alimentos, ir\u00e1 en directo apoyo\nde las familias que probablemente no han podido acceder a beneficios\nespec\u00edficos, por lo que sin duda, ser\u00e1 una ayuda importante\u201d.<\/p>\n","protected":false},"excerpt":{"rendered":"<p>Este martes en representaci\u00f3n de la intendencia, la seremi de Gobierno, Alejandra Mu\u00f1oz entreg\u00f3 100 cajas de alimentos donadas por una minera local a las gobernaciones provinciales de Magallanes y&#8230; <a class=\"read-more\" href=\"https:\/\/www.radiopresidenteibanez.cl\/web\/seremi-de-gobierno-entrega-100-cajas-de-alimentos-donadas-por-minera-local-a-gobernaciones-de-magallanes-y-ultima-esperanza\/\">Leer m\u00e1s<\/a><\/p>\n","protected":false},"author":2,"featured_media":12381,"comment_status":"closed","ping_status":"closed","sticky":false,"template":"","format":"standard","meta":{"footnotes":""},"categories":[1],"tags":[],"class_list":["post-12380","post","type-post","status-publish","format-standard","has-post-thumbnail","hentry","category-cronica"],"_links":{"self":[{"href":"https:\/\/www.radiopresidenteibanez.cl\/web\/wp-json\/wp\/v2\/posts\/12380","targetHints":{"allow":["GET"]}}],"collection":[{"href":"https:\/\/www.radiopresidenteibanez.cl\/web\/wp-json\/wp\/v2\/posts"}],"about":[{"href":"https:\/\/www.radiopresidenteibanez.cl\/web\/wp-json\/wp\/v2\/types\/post"}],"author":[{"embeddable":true,"href":"https:\/\/www.radiopresidenteibanez.cl\/web\/wp-json\/wp\/v2\/users\/2"}],"replies":[{"embeddable":true,"href":"https:\/\/www.radiopresidenteibanez.cl\/web\/wp-json\/wp\/v2\/comments?post=12380"}],"version-history":[{"count":0,"href":"https:\/\/www.radiopresidenteibanez.cl\/web\/wp-json\/wp\/v2\/posts\/12380\/revisions"}],"wp:featuredmedia":[{"embeddable":true,"href":"https:\/\/www.radiopresidenteibanez.cl\/web\/wp-json\/wp\/v2\/media\/12381"}],"wp:attachment":[{"href":"https:\/\/www.radiopresidenteibanez.cl\/web\/wp-json\/wp\/v2\/media?parent=12380"}],"wp:term":[{"taxonomy":"category","embeddable":true,"href":"https:\/\/www.radiopresidenteibanez.cl\/web\/wp-json\/wp\/v2\/categories?post=12380"},{"taxonomy":"post_tag","embeddable":true,"href":"https:\/\/www.radiopresidenteibanez.cl\/web\/wp-json\/wp\/v2\/tags?post=12380"}],"curies":[{"name":"wp","href":"https:\/\/api.w.org\/{rel}","templated":true}]}}