{"id":12377,"date":"2020-06-02T19:14:24","date_gmt":"2020-06-02T19:14:24","guid":{"rendered":"https:\/\/www.radiopresidenteibanez.cl\/web\/?p=12377"},"modified":"2020-06-02T19:14:29","modified_gmt":"2020-06-02T19:14:29","slug":"consejeros-regionales-se-reunieron-con-seremi-de-economia-directora-de-sernatur-y-director-de-corfo","status":"publish","type":"post","link":"https:\/\/www.radiopresidenteibanez.cl\/web\/consejeros-regionales-se-reunieron-con-seremi-de-economia-directora-de-sernatur-y-director-de-corfo\/","title":{"rendered":"CONSEJEROS REGIONALES SE REUNIERON CON SEREMI DE ECONOM\u00cdA, DIRECTORA DE SERNATUR Y DIRECTOR DE CORFO"},"content":{"rendered":"\n<p>Con el objetivo de analizar el impacto socioecon\u00f3mico de la pandemia COVID-19\nen los distintos rubros del sector Turismo en Magallanes y conocer los\nprogramas de apoyo financiero estatal para mitigar sus efectos. La comisi\u00f3n\nTurismo y Relaciones Internacionales del CORE se reuni\u00f3 este lunes con la\nseremi de Econom\u00eda, Natalia Easton, la directora regional de Sernatur, Ximena\nCastro y el director de Corfo Magallanes, Marcelo Canobra. <\/p>\n\n\n\n<p>Seg\u00fan\ncoment\u00f3 el presidente de Turismo, Emilio Boccazzi, durante la jornada los\nconsejeros recibieron variada informaci\u00f3n referida principalmente a\ndiagn\u00f3sticos sin embargo esperaban conocer planes concretos de acci\u00f3n, \u201chemos\ntenido mucha informaci\u00f3n pero pocos planes de acci\u00f3n que es lo que necesita\neste enfermo econ\u00f3mico que se empieza a visualizar en la regi\u00f3n y m\u00e1s a\u00fan\nconjugado con la llegada del invierno. Entendemos que servicios como Sernatur, no\nson ejecutores de intermediaci\u00f3n econ\u00f3mica con la gente del sector y por ello,\nnos reunimos tambi\u00e9n con el director de Corfo, ya que nos hubiese gustado tener\nuna estad\u00edstica de los recursos del Fondo de Garant\u00eda para los Peque\u00f1os\nEmpresarios (FOGAPE) invertidos en Magallanes. Esperamos que haya sido una\nprimera reuni\u00f3n y que en la pr\u00f3xima tengamos las cifras que solicitamos, ya que\nsi bien los diagn\u00f3sticos son importantes, hoy estamos para actuar y en el\n\u00e1mbito econ\u00f3mico y del fomento productivo debemos comenzar a tener l\u00edneas de\nacci\u00f3n\u201d, detall\u00f3 Boccazzi. <\/p>\n\n\n\n<p>Por\nsu parte el vicepresidente de la comisi\u00f3n Turismo, Tolentino Soto, junto con\nvalorar la instancia y el trabajo que se est\u00e1 realizando tanto desde la serem\u00eda\nde Econom\u00eda como por Sernatur y Corfo, efectu\u00f3 un llamado a ser m\u00e1s oportunos y\nefectivos a fin de llegar a tiempo con las pol\u00edticas p\u00fablicas que se anuncian \u201cla\nidea de la reuni\u00f3n era traspasar la inquietud de la comunidad respecto de la\nurgencia con que la que se requiere que los instrumentos de apoyo econ\u00f3mico sean\ntraspasados a las micro y peque\u00f1as empresas del sector. Es necesario que el Estado\nse haga presente en forma oportuna ya que hoy no sirve de mucho saber que se est\u00e1\nplanificando la forma de ir a vender la Patagonia a ferias internacionales. Es\nurgente inyectar recursos frescos a las peque\u00f1as empresas para salvarlas de la\nquiebra y activar los empleos que son tan necesarios para la alimentaci\u00f3n de\nmuchas familias en la regi\u00f3n y para ello es necesario un cambio de tim\u00f3n, ser m\u00e1s\nefectivos y oportunos, no podemos esperar dos o tres meses m\u00e1s\u201d, concluy\u00f3 el\nconsejero regional. <\/p>\n","protected":false},"excerpt":{"rendered":"<p>Con el objetivo de analizar el impacto socioecon\u00f3mico de la pandemia COVID-19 en los distintos rubros del sector Turismo en Magallanes y conocer los programas de apoyo financiero estatal para&#8230; <a class=\"read-more\" href=\"https:\/\/www.radiopresidenteibanez.cl\/web\/consejeros-regionales-se-reunieron-con-seremi-de-economia-directora-de-sernatur-y-director-de-corfo\/\">Leer m\u00e1s<\/a><\/p>\n","protected":false},"author":2,"featured_media":12378,"comment_status":"closed","ping_status":"closed","sticky":false,"template":"","format":"standard","meta":{"footnotes":""},"categories":[1],"tags":[],"class_list":["post-12377","post","type-post","status-publish","format-standard","has-post-thumbnail","hentry","category-cronica"],"_links":{"self":[{"href":"https:\/\/www.radiopresidenteibanez.cl\/web\/wp-json\/wp\/v2\/posts\/12377","targetHints":{"allow":["GET"]}}],"collection":[{"href":"https:\/\/www.radiopresidenteibanez.cl\/web\/wp-json\/wp\/v2\/posts"}],"about":[{"href":"https:\/\/www.radiopresidenteibanez.cl\/web\/wp-json\/wp\/v2\/types\/post"}],"author":[{"embeddable":true,"href":"https:\/\/www.radiopresidenteibanez.cl\/web\/wp-json\/wp\/v2\/users\/2"}],"replies":[{"embeddable":true,"href":"https:\/\/www.radiopresidenteibanez.cl\/web\/wp-json\/wp\/v2\/comments?post=12377"}],"version-history":[{"count":0,"href":"https:\/\/www.radiopresidenteibanez.cl\/web\/wp-json\/wp\/v2\/posts\/12377\/revisions"}],"wp:featuredmedia":[{"embeddable":true,"href":"https:\/\/www.radiopresidenteibanez.cl\/web\/wp-json\/wp\/v2\/media\/12378"}],"wp:attachment":[{"href":"https:\/\/www.radiopresidenteibanez.cl\/web\/wp-json\/wp\/v2\/media?parent=12377"}],"wp:term":[{"taxonomy":"category","embeddable":true,"href":"https:\/\/www.radiopresidenteibanez.cl\/web\/wp-json\/wp\/v2\/categories?post=12377"},{"taxonomy":"post_tag","embeddable":true,"href":"https:\/\/www.radiopresidenteibanez.cl\/web\/wp-json\/wp\/v2\/tags?post=12377"}],"curies":[{"name":"wp","href":"https:\/\/api.w.org\/{rel}","templated":true}]}}