{"id":12374,"date":"2020-06-02T18:53:33","date_gmt":"2020-06-02T18:53:33","guid":{"rendered":"https:\/\/www.radiopresidenteibanez.cl\/web\/?p=12374"},"modified":"2020-06-02T18:53:37","modified_gmt":"2020-06-02T18:53:37","slug":"construccion-de-conexion-de-calles-fagnano-y-pedro-borquez-por-parte-del-minvu-presenta-un-80-por-ciento-de-avance","status":"publish","type":"post","link":"https:\/\/www.radiopresidenteibanez.cl\/web\/construccion-de-conexion-de-calles-fagnano-y-pedro-borquez-por-parte-del-minvu-presenta-un-80-por-ciento-de-avance\/","title":{"rendered":"CONSTRUCCI\u00d3N DE CONEXI\u00d3N DE CALLES FAGNANO Y PEDRO B\u00d3RQUEZ POR PARTE DEL MINVU PRESENTA UN 80 POR CIENTO DE AVANCE"},"content":{"rendered":"\n<p>El anhelado proyecto de conectividad de calle Monse\u00f1or Fagnano con Pedro B\u00f3rquez en el poniente de Punta Arenas, y que en sus 1770 metros lineales cruza los ex terrenos del Regimiento Pudeto, ya se encuentra en su etapa final de construcci\u00f3n.<\/p>\n\n\n\n<p>As\u00ed lo constat\u00f3 este martes el director regional del Serviu&nbsp;<strong>Dubalio P\u00e9rez<\/strong>, quien hizo un llamado a los conductores a&nbsp;<strong>\u201ctransitar con precauci\u00f3n por el nudo vial de Pedro B\u00f3rquez con Eduardo Frei donde a contar de los pr\u00f3ximos d\u00edas se van a construir las canalizaciones y semaforizaci\u00f3n respectiva, ya que, si bien no se va a cerrar la v\u00eda en su totalidad, se podr\u00eda generar una peque\u00f1a congesti\u00f3n en un proceso estimado de dos meses. En cuanto a los trabajos que se desarrollan en Pedro B\u00f3rquez al poniente de Eduardo Frei, se van a ir abriendo los tramos a medida que vayan finalizando los trabajos, con el fin de facilitar el uso a los residentes\u201d<\/strong>.<\/p>\n\n\n\n<p>La obra cuenta con una inversi\u00f3n sectorial del Minvu de $3.198.334.214 y es ejecutada por la Empresa Constructora Vilicic S.A. La v\u00eda considera importantes adelantos, como calzadas bidireccionales de 8 metros de ancho y aceras en ambos costados; ciclov\u00edas de alto est\u00e1ndar entre calle Arauco y Avenida Eduardo Frei; construcci\u00f3n de muros de contenci\u00f3n para confinar las diferencias de cotas de terreno; luminarias led de alumbrado p\u00fablico mediante soterrado el\u00e9ctrico; instalaci\u00f3n de sem\u00e1foros nuevos en intersecci\u00f3n de calle Fagnano y Avda. Eduardo Frei; construcci\u00f3n de colectores y sumideros de aguas lluvias; se\u00f1al\u00e9ticas y demarcaci\u00f3n de pavimentos; \u00e1reas verdes y una plazoleta en el lado sur de avenida Frei, de aproximadamente 60 mt2, con mobiliario urbano e iluminaci\u00f3n.<\/p>\n\n\n\n<p>El Seremi Minvu,&nbsp;<strong>Jos\u00e9 Miguel Horcos<\/strong>, destac\u00f3&nbsp;<strong>\u201cEsta pol\u00edtica de unir la ciudad que nos ha pedido el Ministro Cristian Monckeberg no solo se refiere a la locaci\u00f3n de los conjuntos habitacionales, sino que tambi\u00e9n a habilitar nuevas calles en las ciudades de la regi\u00f3n. Actualmente y cuando la ciudad est\u00e1 en su normalidad, las principales arterias de Punta Arenas se encuentran saturadas. Esta nueva v\u00eda en el coraz\u00f3n de la ciudad, va a permitir el descongestionamiento de avenidas muy utilizadas por los automovilistas y que har\u00e1 fluir el tr\u00e1nsito desde y hacia el centro\u201d<\/strong>, puntualiz\u00f3.<\/p>\n\n\n\n<p>Cabe se\u00f1alar que a solicitud de la Municipalidad de Punta Arenas y con el objetivo de regular el alto flujo vehicular que se proyecta en la intersecci\u00f3n de Arauco y Fagnano, se encuentra en evaluaci\u00f3n un aumento de obras al contrato para instalar semaforizaci\u00f3n en ese nudo vial.&nbsp;<\/p>\n\n\n\n<p>En cuanto al proyecto complementario que se construye en el sector y que considera 170 metros lineales de calzada, que unir\u00e1 la calle Fagnano en construcci\u00f3n con Ignacio Carrera Pinto en una primera etapa, siendo parte importante del trazado, la apertura de la v\u00eda por los ex terrenos del Regimiento Pudeto, la obra est\u00e1 pr\u00f3xima a su revisi\u00f3n y recepci\u00f3n. Dicho proyecto, se ejecuta con recursos sectoriales del Minvu por $450.202.130, siendo la unidad t\u00e9cnica el Serviu y la empresa contratista, Constructora Salfa S.A. En dicha v\u00eda se proyecta a futuro la construcci\u00f3n del puente Rancagua que cruzar\u00e1 el Rio de las Minas, conectando con calle Videla<\/p>\n","protected":false},"excerpt":{"rendered":"<p>El anhelado proyecto de conectividad de calle Monse\u00f1or Fagnano con Pedro B\u00f3rquez en el poniente de Punta Arenas, y que en sus 1770 metros lineales cruza los ex terrenos del&#8230; <a class=\"read-more\" href=\"https:\/\/www.radiopresidenteibanez.cl\/web\/construccion-de-conexion-de-calles-fagnano-y-pedro-borquez-por-parte-del-minvu-presenta-un-80-por-ciento-de-avance\/\">Leer m\u00e1s<\/a><\/p>\n","protected":false},"author":2,"featured_media":12375,"comment_status":"closed","ping_status":"closed","sticky":false,"template":"","format":"standard","meta":{"footnotes":""},"categories":[1],"tags":[],"class_list":["post-12374","post","type-post","status-publish","format-standard","has-post-thumbnail","hentry","category-cronica"],"_links":{"self":[{"href":"https:\/\/www.radiopresidenteibanez.cl\/web\/wp-json\/wp\/v2\/posts\/12374","targetHints":{"allow":["GET"]}}],"collection":[{"href":"https:\/\/www.radiopresidenteibanez.cl\/web\/wp-json\/wp\/v2\/posts"}],"about":[{"href":"https:\/\/www.radiopresidenteibanez.cl\/web\/wp-json\/wp\/v2\/types\/post"}],"author":[{"embeddable":true,"href":"https:\/\/www.radiopresidenteibanez.cl\/web\/wp-json\/wp\/v2\/users\/2"}],"replies":[{"embeddable":true,"href":"https:\/\/www.radiopresidenteibanez.cl\/web\/wp-json\/wp\/v2\/comments?post=12374"}],"version-history":[{"count":0,"href":"https:\/\/www.radiopresidenteibanez.cl\/web\/wp-json\/wp\/v2\/posts\/12374\/revisions"}],"wp:featuredmedia":[{"embeddable":true,"href":"https:\/\/www.radiopresidenteibanez.cl\/web\/wp-json\/wp\/v2\/media\/12375"}],"wp:attachment":[{"href":"https:\/\/www.radiopresidenteibanez.cl\/web\/wp-json\/wp\/v2\/media?parent=12374"}],"wp:term":[{"taxonomy":"category","embeddable":true,"href":"https:\/\/www.radiopresidenteibanez.cl\/web\/wp-json\/wp\/v2\/categories?post=12374"},{"taxonomy":"post_tag","embeddable":true,"href":"https:\/\/www.radiopresidenteibanez.cl\/web\/wp-json\/wp\/v2\/tags?post=12374"}],"curies":[{"name":"wp","href":"https:\/\/api.w.org\/{rel}","templated":true}]}}