{"id":12370,"date":"2020-06-02T14:26:08","date_gmt":"2020-06-02T14:26:08","guid":{"rendered":"https:\/\/www.radiopresidenteibanez.cl\/web\/?p=12370"},"modified":"2020-06-02T14:26:12","modified_gmt":"2020-06-02T14:26:12","slug":"detienen-a-dos-personas-por-venta-de-marihuana-delivery-en-plena-cuarentena","status":"publish","type":"post","link":"https:\/\/www.radiopresidenteibanez.cl\/web\/detienen-a-dos-personas-por-venta-de-marihuana-delivery-en-plena-cuarentena\/","title":{"rendered":"DETIENEN A DOS PERSONAS POR VENTA DE MARIHUANA \u201cDELIVERY\u201d EN PLENA CUARENTENA"},"content":{"rendered":"\n<p>O.S.7 de Carabineros detuvo a dos personas por la venta de marihuana por \u201cdelivery\u201d en distintos puntos de la ciudad, se logr\u00f3 la detenci\u00f3n de estas personas luego de una investigaci\u00f3n de dos meses.<\/p>\n\n\n\n<p>Con\nesta incautaci\u00f3n de drogas, se logr\u00f3 sacar de circulaci\u00f3n la cantidad de 25\ndosis de flor de cannabis lo que llega a un valor de 250 mil pesos. <\/p>\n","protected":false},"excerpt":{"rendered":"<p>O.S.7 de Carabineros detuvo a dos personas por la venta de marihuana por \u201cdelivery\u201d en distintos puntos de la ciudad, se logr\u00f3 la detenci\u00f3n de estas personas luego de una&#8230; <a class=\"read-more\" href=\"https:\/\/www.radiopresidenteibanez.cl\/web\/detienen-a-dos-personas-por-venta-de-marihuana-delivery-en-plena-cuarentena\/\">Leer m\u00e1s<\/a><\/p>\n","protected":false},"author":2,"featured_media":12371,"comment_status":"closed","ping_status":"closed","sticky":false,"template":"","format":"standard","meta":{"footnotes":""},"categories":[1],"tags":[],"class_list":["post-12370","post","type-post","status-publish","format-standard","has-post-thumbnail","hentry","category-cronica"],"_links":{"self":[{"href":"https:\/\/www.radiopresidenteibanez.cl\/web\/wp-json\/wp\/v2\/posts\/12370","targetHints":{"allow":["GET"]}}],"collection":[{"href":"https:\/\/www.radiopresidenteibanez.cl\/web\/wp-json\/wp\/v2\/posts"}],"about":[{"href":"https:\/\/www.radiopresidenteibanez.cl\/web\/wp-json\/wp\/v2\/types\/post"}],"author":[{"embeddable":true,"href":"https:\/\/www.radiopresidenteibanez.cl\/web\/wp-json\/wp\/v2\/users\/2"}],"replies":[{"embeddable":true,"href":"https:\/\/www.radiopresidenteibanez.cl\/web\/wp-json\/wp\/v2\/comments?post=12370"}],"version-history":[{"count":0,"href":"https:\/\/www.radiopresidenteibanez.cl\/web\/wp-json\/wp\/v2\/posts\/12370\/revisions"}],"wp:featuredmedia":[{"embeddable":true,"href":"https:\/\/www.radiopresidenteibanez.cl\/web\/wp-json\/wp\/v2\/media\/12371"}],"wp:attachment":[{"href":"https:\/\/www.radiopresidenteibanez.cl\/web\/wp-json\/wp\/v2\/media?parent=12370"}],"wp:term":[{"taxonomy":"category","embeddable":true,"href":"https:\/\/www.radiopresidenteibanez.cl\/web\/wp-json\/wp\/v2\/categories?post=12370"},{"taxonomy":"post_tag","embeddable":true,"href":"https:\/\/www.radiopresidenteibanez.cl\/web\/wp-json\/wp\/v2\/tags?post=12370"}],"curies":[{"name":"wp","href":"https:\/\/api.w.org\/{rel}","templated":true}]}}