{"id":12366,"date":"2020-06-02T14:13:16","date_gmt":"2020-06-02T14:13:16","guid":{"rendered":"https:\/\/www.radiopresidenteibanez.cl\/web\/?p=12366"},"modified":"2020-06-02T14:13:20","modified_gmt":"2020-06-02T14:13:20","slug":"pescadores-artesanales-hacen-llegar-su-inquietud-por-situacion-laboral","status":"publish","type":"post","link":"https:\/\/www.radiopresidenteibanez.cl\/web\/pescadores-artesanales-hacen-llegar-su-inquietud-por-situacion-laboral\/","title":{"rendered":"PESCADORES ARTESANALES HACEN LLEGAR SU INQUIETUD POR SITUACI\u00d3N LABORAL"},"content":{"rendered":"\n<p>Los Pescadores Artesanales y nuestras\nfamilias Vivimos tiempos dif\u00edciles, el Covid- 19 nos ha puesto frente a un\nescenario de mucha preocupaci\u00f3n y a veces desesperanza, es por esta raz\u00f3n que\nsentimos la urgencia de plantear p\u00fablicamente nuestra inquietud para despertar\nen nuestras autoridades esa <strong>conciencia\nsocial que falta<\/strong> para con nuestro sector.<\/p>\n\n\n\n<p>1.- Nos sentimos burlados por el <strong>NO<\/strong> cumplimiento del anuncio p\u00fablico que\nhiciera recientemente la Directora Zonal de Pesca, en donde en nombre del\nGobierno compromete un aporte de $ 150.000 para todos los Pescadores\nArtesanales, sabiendo que de haber sido verdadero el anuncio, nuestros\nPescadores con las exigencias incluidas en el mismo no tendr\u00edan acceso, ello\ndebido a que no tienen a la fecha en su alta mayor\u00eda la \u201c<strong>Ficha social de Hogares\u201d<\/strong>, ello sin duda demuestra la improvisaci\u00f3n\nen su actuar y lo m\u00e1s grave,&nbsp; atenta en\ncontra de la fe p\u00fablica y de las necesidades de las familias, desisti\u00e9ndose de\nla entrega del \u201cbeneficio imaginario\u201d &nbsp;de\nmanera inveros\u00edmil y al d\u00eda de hoy sin &nbsp;ninguna\nrespuesta que venga a favor de hacer posible un paliativo social para quienes\nm\u00e1s lo necesitan, ejemplo , todos aquellos Pescadores mayores de 60 a\u00f1os que\nest\u00e1n imposibilitados de trabajar en estas circunstancias y que adem\u00e1s muchos\nde ellos tienen impedimentos f\u00edsicos o enfermedades graves , tanto personal como\nfamiliar.<\/p>\n\n\n\n<p>2.- Necesitamos tambi\u00e9n compromisos\nde las Empresas Comercializadoras de los productos m\u00e1s relevantes, <strong>como es el caso de la Centolla,<\/strong>\nesperamos que el esfuerzo desplegado por quienes operan en las capturas de\nestos crust\u00e1ceos sean reconocidos y los valores por cada kilo de centolla se oferten\ny se conozcan antes de los zarpes a zona de pesca,&nbsp; para as\u00ed trabajar con certezas econ\u00f3micas y\ntener la posibilidad de rentabilizar el ingreso familiar y comercial, aspecto\nque es determinante en momentos como los que estamos viviendo y en donde se\nrequiere acentuar la capacidad de ingresos de cada familia.<\/p>\n\n\n\n<p>3.- Lamentamos que desatada la Pandemia\n&#8211; Covid \u2013 19, no cont\u00e1ramos con autoridades que demuestren inter\u00e9s por\nacercarse a nuestro sector de trabajadores, sabiendo estas que la mayor\u00eda somos\nindependientes y que ninguna de las medidas anunciadas por el Gobierno, si\nser\u00edan concedidas con las exigencias conocidas son in\u00fatiles para nuestras\nfamilias.<\/p>\n\n\n\n<p>Se\u00f1alar tambi\u00e9n , que las carencias\nque soportamos sin poder trabajar al 100% en algunos recursos y asumiendo sin\ncambios todos los costos de los consumos b\u00e1sicos y pagos de impuestos, nos\nproduce incertidumbre, por lo que hacemos un llamado a las autoridades para que\ncon urgencia y sin autoritarismos conformen espacios de dialogo que sirvan para\nencontrar los caminos para avanzar en las soluciones que requerimos en el\nsector, de no ocurrir aquello y de continuarse con los tropiezos existentes\npara atenci\u00f3n de las Pymes a las cuales el Banco Estado le est\u00e1 realizando\nseveras exigencias y el Sii sigue apremiando con los pagos de sus usuarios sin\nconsiderar las medi\u00e1ticas l\u00edneas entregadas por el Gobierno, nos estar\u00e1\nllevando a un alto porcentaje de Pescadores a la perdida de nuestros\nherramientas de trabajo.<\/p>\n\n\n\n<p>4.- Hacemos un llamado al Sr.\nIntendente de nuestra regi\u00f3n, para que en su calidad de representante del\nPresidente Pi\u00f1era, vea como aportar con soluciones reales y urgentes a nuestro\nsector y trate que las autoridades sectoriales no efect\u00faen anuncios falsos en\nuna \u00e9poca de tanta angustia que se est\u00e1 viviendo en el seno de las familias,\nello solo implica prudencia y respeto por los trabajadores.<\/p>\n\n\n\n<p>STI de Buzos Armadores Pescadores Artesanales Sur de\nMagallanes y la Ant\u00e1rtica Chilena.<\/p>\n","protected":false},"excerpt":{"rendered":"<p>Los Pescadores Artesanales y nuestras familias Vivimos tiempos dif\u00edciles, el Covid- 19 nos ha puesto frente a un escenario de mucha preocupaci\u00f3n y a veces desesperanza, es por esta raz\u00f3n&#8230; <a class=\"read-more\" href=\"https:\/\/www.radiopresidenteibanez.cl\/web\/pescadores-artesanales-hacen-llegar-su-inquietud-por-situacion-laboral\/\">Leer m\u00e1s<\/a><\/p>\n","protected":false},"author":2,"featured_media":12368,"comment_status":"closed","ping_status":"closed","sticky":false,"template":"","format":"standard","meta":{"footnotes":""},"categories":[1],"tags":[],"class_list":["post-12366","post","type-post","status-publish","format-standard","has-post-thumbnail","hentry","category-cronica"],"_links":{"self":[{"href":"https:\/\/www.radiopresidenteibanez.cl\/web\/wp-json\/wp\/v2\/posts\/12366","targetHints":{"allow":["GET"]}}],"collection":[{"href":"https:\/\/www.radiopresidenteibanez.cl\/web\/wp-json\/wp\/v2\/posts"}],"about":[{"href":"https:\/\/www.radiopresidenteibanez.cl\/web\/wp-json\/wp\/v2\/types\/post"}],"author":[{"embeddable":true,"href":"https:\/\/www.radiopresidenteibanez.cl\/web\/wp-json\/wp\/v2\/users\/2"}],"replies":[{"embeddable":true,"href":"https:\/\/www.radiopresidenteibanez.cl\/web\/wp-json\/wp\/v2\/comments?post=12366"}],"version-history":[{"count":0,"href":"https:\/\/www.radiopresidenteibanez.cl\/web\/wp-json\/wp\/v2\/posts\/12366\/revisions"}],"wp:featuredmedia":[{"embeddable":true,"href":"https:\/\/www.radiopresidenteibanez.cl\/web\/wp-json\/wp\/v2\/media\/12368"}],"wp:attachment":[{"href":"https:\/\/www.radiopresidenteibanez.cl\/web\/wp-json\/wp\/v2\/media?parent=12366"}],"wp:term":[{"taxonomy":"category","embeddable":true,"href":"https:\/\/www.radiopresidenteibanez.cl\/web\/wp-json\/wp\/v2\/categories?post=12366"},{"taxonomy":"post_tag","embeddable":true,"href":"https:\/\/www.radiopresidenteibanez.cl\/web\/wp-json\/wp\/v2\/tags?post=12366"}],"curies":[{"name":"wp","href":"https:\/\/api.w.org\/{rel}","templated":true}]}}