{"id":12364,"date":"2020-06-02T13:59:28","date_gmt":"2020-06-02T13:59:28","guid":{"rendered":"https:\/\/www.radiopresidenteibanez.cl\/web\/?p=12364"},"modified":"2020-06-02T13:59:32","modified_gmt":"2020-06-02T13:59:32","slug":"partido-comunista-de-magallanes-denuncia-procedimiento-arbitrario-racista-y-violento-de-carabineros-en-contra-de-migrantes-desalojados","status":"publish","type":"post","link":"https:\/\/www.radiopresidenteibanez.cl\/web\/partido-comunista-de-magallanes-denuncia-procedimiento-arbitrario-racista-y-violento-de-carabineros-en-contra-de-migrantes-desalojados\/","title":{"rendered":"PARTIDO COMUNISTA DE MAGALLANES DENUNCIA PROCEDIMIENTO ARBITRARIO, RACISTA Y VIOLENTO DE CARABINEROS EN CONTRA DE MIGRANTES DESALOJADOS"},"content":{"rendered":"\n<p>El\nPartido Comunista de Magallanes expresa su en\u00e9rgica repulsa y denuncia\np\u00fablicamente el accionar de Carabineros de Chile en el violento desalojo de una\nfamilia de migrantes, que habitaba una vivienda en la toma ubicada en la\nperiferia del sector norponiente de Punta Arenas. La arbitraria actuaci\u00f3n de\nfuncionarios policiales expuso adem\u00e1s la integridad f\u00edsica y emocional de dos\nmenores, hijos de la familia afectada, en medio de la crisis sanitaria que nos\nafecta.<\/p>\n\n\n\n<p>Este\nprocedimiento no s\u00f3lo es cuestionable por la forma en que se realiz\u00f3, sino que\nadem\u00e1s por el dudoso mandato legal que lo sustent\u00f3. Carabineros de Chile nos\ndemuestra una vez m\u00e1s que no s\u00f3lo es presa del descontrol y falta de\nprofesionalismo, al momento de enfrentarse a requerimientos m\u00ednimos, cuando\ndebe cumplir con los derechos humanos fundamentales de los habitantes de\nnuestro territorio, sean \u00e9stos extranjeros o connacionales.<\/p>\n\n\n\n<p>Hace\ncasi cuatro a\u00f1os, justamente en Punta Arenas, estall\u00f3 en Carabineros el mayor\ncaso de corrupci\u00f3n y malversaci\u00f3n de caudales p\u00fablicos, el denominado\n\u00abpacogate\u00bb,&nbsp; que ha afectado al\nEstado de Chile y, con ello a todos los chilenos. Y hace pocos meses, a\nprop\u00f3sito de las masivas manifestaciones que desplegaron miles de magall\u00e1nicos\na partir del 18 de octubre, presenciamos sistem\u00e1tica y repetidamente la\nviolencia perpetrada por la misma instituci\u00f3n policial en contra del pueblo\ncansado frente a d\u00e9cadas de abusos.<\/p>\n\n\n\n<p>Por\ndefinici\u00f3n Carabineros de Chile es una instituci\u00f3n jerarquizada, supeditada al\npoder pol\u00edtico de la gesti\u00f3n de Gobierno. Por ello, a nivel local, acusamos <\/p>\n\n\n\n<p>como\nprincipal responsable de la brutal e ileg\u00edtima intervenci\u00f3n policial al\nGobernador de la Provincia de Magallanes, Sr. Homero Villegas, deslucido\ntestaferro&nbsp; del poder central, quien\nostenta un deplorable historial represivo que incluye, en su oportunidad, el haber\nmandatado a las fuerzas policiales para reprimir sin miramientos a los\npobladores y vecinos que se manifestaban camino al Andino.<\/p>\n\n\n\n<p>Los\nmagall\u00e1nicos no olvidamos, y exigimos las responsabilidades administrativas y\npol\u00edticas frente estos hechos de violencia institucionalizada, que dejan en\nevidencia la mirada clasista, el racismo y el desprecio por la diginidad humana\ncon el cual operan las autoridades del gobierno de Sebasti\u00e1n Pi\u00f1era y\nCarabineros de Chile.<\/p>\n","protected":false},"excerpt":{"rendered":"<p>El Partido Comunista de Magallanes expresa su en\u00e9rgica repulsa y denuncia p\u00fablicamente el accionar de Carabineros de Chile en el violento desalojo de una familia de migrantes, que habitaba una&#8230; <a class=\"read-more\" href=\"https:\/\/www.radiopresidenteibanez.cl\/web\/partido-comunista-de-magallanes-denuncia-procedimiento-arbitrario-racista-y-violento-de-carabineros-en-contra-de-migrantes-desalojados\/\">Leer m\u00e1s<\/a><\/p>\n","protected":false},"author":2,"featured_media":740,"comment_status":"closed","ping_status":"closed","sticky":false,"template":"","format":"standard","meta":{"footnotes":""},"categories":[1],"tags":[],"class_list":["post-12364","post","type-post","status-publish","format-standard","has-post-thumbnail","hentry","category-cronica"],"_links":{"self":[{"href":"https:\/\/www.radiopresidenteibanez.cl\/web\/wp-json\/wp\/v2\/posts\/12364","targetHints":{"allow":["GET"]}}],"collection":[{"href":"https:\/\/www.radiopresidenteibanez.cl\/web\/wp-json\/wp\/v2\/posts"}],"about":[{"href":"https:\/\/www.radiopresidenteibanez.cl\/web\/wp-json\/wp\/v2\/types\/post"}],"author":[{"embeddable":true,"href":"https:\/\/www.radiopresidenteibanez.cl\/web\/wp-json\/wp\/v2\/users\/2"}],"replies":[{"embeddable":true,"href":"https:\/\/www.radiopresidenteibanez.cl\/web\/wp-json\/wp\/v2\/comments?post=12364"}],"version-history":[{"count":0,"href":"https:\/\/www.radiopresidenteibanez.cl\/web\/wp-json\/wp\/v2\/posts\/12364\/revisions"}],"wp:featuredmedia":[{"embeddable":true,"href":"https:\/\/www.radiopresidenteibanez.cl\/web\/wp-json\/wp\/v2\/media\/740"}],"wp:attachment":[{"href":"https:\/\/www.radiopresidenteibanez.cl\/web\/wp-json\/wp\/v2\/media?parent=12364"}],"wp:term":[{"taxonomy":"category","embeddable":true,"href":"https:\/\/www.radiopresidenteibanez.cl\/web\/wp-json\/wp\/v2\/categories?post=12364"},{"taxonomy":"post_tag","embeddable":true,"href":"https:\/\/www.radiopresidenteibanez.cl\/web\/wp-json\/wp\/v2\/tags?post=12364"}],"curies":[{"name":"wp","href":"https:\/\/api.w.org\/{rel}","templated":true}]}}