{"id":12361,"date":"2020-06-02T13:56:23","date_gmt":"2020-06-02T13:56:23","guid":{"rendered":"https:\/\/www.radiopresidenteibanez.cl\/web\/?p=12361"},"modified":"2020-06-02T13:56:27","modified_gmt":"2020-06-02T13:56:27","slug":"actividades-virtuales-internas-y-abiertas-al-publico-marcaran-celebracion-de-los-131-anos-de-la-bomba-magallanes","status":"publish","type":"post","link":"https:\/\/www.radiopresidenteibanez.cl\/web\/actividades-virtuales-internas-y-abiertas-al-publico-marcaran-celebracion-de-los-131-anos-de-la-bomba-magallanes\/","title":{"rendered":"ACTIVIDADES VIRTUALES INTERNAS Y ABIERTAS AL P\u00daBLICO MARCAR\u00c1N CELEBRACI\u00d3N DE LOS 131 A\u00d1OS DE LA BOMBA MAGALLANES"},"content":{"rendered":"\n<p>De manera m\u00e1s austera, pero sin\nperder las tradiciones, la Primera Compa\u00f1\u00eda de Bomberos ya se prepara para lo\nque ser\u00e1n las instancias para conmemorar sus 131 a\u00f1os de servicio\nininterrumpido a la comunidad, esta vez, continuando con la l\u00ednea de trabajo en\nmodalidad virtual que ha desarrollado desde que lleg\u00f3 al pa\u00eds el Covid 19.<\/p>\n\n\n\n<p>En ese contexto, la oficialidad se\nreplante\u00f3 la forma de celebrar que, hist\u00f3ricamente, se caracterizaba por\nrealizar masivas celebraciones y encuentros bomberiles, acordando reunir a los\nvoluntarios de la compa\u00f1\u00eda a trav\u00e9s de instancias culturales internas, y\naprovechar la tecnolog\u00eda para llevar a cabo algunas de sus actividades\nformales.<\/p>\n\n\n\n<p>Es por ello, que el pr\u00f3ximo 13 de\njulio, se efectuar\u00e1 una vigilia virtual, mientras que el 14, se desarrollar\u00e1,\nde manera in\u00e9dita, la tradicional sesi\u00f3n solemne v\u00eda Zoom, la cual ser\u00e1\ntransmitida por Facebook Live, permitiendo que las familias y la poblaci\u00f3n en\ngeneral, tengan acceso a esta ceremonia. <\/p>\n\n\n\n<p>Como forma de mantener el\ncontacto con la comunidad, se realizar\u00e1 una muestra pict\u00f3rica dirigida a las\nni\u00f1as y ni\u00f1os de la comuna, quienes, en a\u00f1os anteriores, llenaban las\ndependencias del cuartel con sus visitas en este mes aniversario. La idea es\nque ellos elaboren un dibujo y lo env\u00eden al correo electr\u00f3nico <a href=\"mailto:dibujo.bombero@gmail.com\">dibujo.bombero@gmail.com<\/a>, entre el 1\ny el 14 del presente. <\/p>\n","protected":false},"excerpt":{"rendered":"<p>De manera m\u00e1s austera, pero sin perder las tradiciones, la Primera Compa\u00f1\u00eda de Bomberos ya se prepara para lo que ser\u00e1n las instancias para conmemorar sus 131 a\u00f1os de servicio&#8230; <a class=\"read-more\" href=\"https:\/\/www.radiopresidenteibanez.cl\/web\/actividades-virtuales-internas-y-abiertas-al-publico-marcaran-celebracion-de-los-131-anos-de-la-bomba-magallanes\/\">Leer m\u00e1s<\/a><\/p>\n","protected":false},"author":2,"featured_media":12362,"comment_status":"closed","ping_status":"closed","sticky":false,"template":"","format":"standard","meta":{"footnotes":""},"categories":[1],"tags":[],"class_list":["post-12361","post","type-post","status-publish","format-standard","has-post-thumbnail","hentry","category-cronica"],"_links":{"self":[{"href":"https:\/\/www.radiopresidenteibanez.cl\/web\/wp-json\/wp\/v2\/posts\/12361","targetHints":{"allow":["GET"]}}],"collection":[{"href":"https:\/\/www.radiopresidenteibanez.cl\/web\/wp-json\/wp\/v2\/posts"}],"about":[{"href":"https:\/\/www.radiopresidenteibanez.cl\/web\/wp-json\/wp\/v2\/types\/post"}],"author":[{"embeddable":true,"href":"https:\/\/www.radiopresidenteibanez.cl\/web\/wp-json\/wp\/v2\/users\/2"}],"replies":[{"embeddable":true,"href":"https:\/\/www.radiopresidenteibanez.cl\/web\/wp-json\/wp\/v2\/comments?post=12361"}],"version-history":[{"count":0,"href":"https:\/\/www.radiopresidenteibanez.cl\/web\/wp-json\/wp\/v2\/posts\/12361\/revisions"}],"wp:featuredmedia":[{"embeddable":true,"href":"https:\/\/www.radiopresidenteibanez.cl\/web\/wp-json\/wp\/v2\/media\/12362"}],"wp:attachment":[{"href":"https:\/\/www.radiopresidenteibanez.cl\/web\/wp-json\/wp\/v2\/media?parent=12361"}],"wp:term":[{"taxonomy":"category","embeddable":true,"href":"https:\/\/www.radiopresidenteibanez.cl\/web\/wp-json\/wp\/v2\/categories?post=12361"},{"taxonomy":"post_tag","embeddable":true,"href":"https:\/\/www.radiopresidenteibanez.cl\/web\/wp-json\/wp\/v2\/tags?post=12361"}],"curies":[{"name":"wp","href":"https:\/\/api.w.org\/{rel}","templated":true}]}}