{"id":12358,"date":"2020-06-02T13:26:36","date_gmt":"2020-06-02T13:26:36","guid":{"rendered":"https:\/\/www.radiopresidenteibanez.cl\/web\/?p=12358"},"modified":"2020-06-02T13:26:40","modified_gmt":"2020-06-02T13:26:40","slug":"con-exito-se-realizo-la-primera-feria-virtual-de-emprendedores-natalinos","status":"publish","type":"post","link":"https:\/\/www.radiopresidenteibanez.cl\/web\/con-exito-se-realizo-la-primera-feria-virtual-de-emprendedores-natalinos\/","title":{"rendered":"CON \u00c9XITO SE REALIZ\u00d3 LA PRIMERA FERIA VIRTUAL DE EMPRENDEDORES NATALINOS"},"content":{"rendered":"\n<p>El d\u00eda s\u00e1bado 30 de mayo se llev\u00f3 a cabo la\nprimera versi\u00f3n de la feria virtual de emprendedores locales por plataforma\ndigital, en donde 15 emprendimientos fueron los protagonistas de dar a conocer sus\nproductos y servicios que entregan a la comunidad.<\/p>\n\n\n\n<p>La feria virtual estaba dentro de un calendario extenso de actividades que\norganiz\u00f3 la Municipalidad de Natales por el mes de aniversario, todas ellas se\ntransmitieron v\u00eda online y el p\u00fablico se conectaba a trav\u00e9s de las redes\nsociales de la instituci\u00f3n municipal.<\/p>\n\n\n\n<p>El alcalde de\nNatales, Fernando Paredes Mansilla, agradeci\u00f3 a los emprendedores y se\u00f1al\u00f3 que \u201cnosotros\ncomo municipalidad hemos tratado de ver c\u00f3mo somos capaces de poder ayudar y\ncolaborar, seguramente en los pr\u00f3ximos meses lo podemos seguir replicando y en\nestos momentos dif\u00edciles vamos a tener que aplicar al m\u00e1ximo nuestra\ncreatividad\u201d. <\/p>\n\n\n\n<p>\u201cLa municipalidad est\u00e1 a disposici\u00f3n de ustedes y todas las ideas son\nbienvenidas, lo importante es que esto es un trabajo en conjunto y ustedes como\nemprendedores nos pueden ir orientando\u201d coment\u00f3 la m\u00e1xima autoridad comunal.<\/p>\n\n\n\n<p>La feria fue moderada por otra emprendedora natalina, Pamela Ojeda,\nPresidenta de la Agrupaci\u00f3n de Emprendedoras Natalinas \u201cMujeres Patagonas\u201d, quien\nfue la responsable de dar pase a los peque\u00f1os comerciantes quienes mostraron el\ngran trabajo que hacen cada uno de ellos. La feria virtual cont\u00f3 con servicios\nde cafeter\u00eda, gastronom\u00eda, terapias florales, fotograf\u00eda e impresi\u00f3n y dise\u00f1o.\nTambi\u00e9n, cont\u00f3 con productos hort\u00edcolas, joyas, textil, manualidades, juegos de\nmesa y juguetes did\u00e1cticos para menores.<\/p>\n\n\n\n<p>Los emprendedores asistentes a la feria se inscribieron a trav\u00e9s de un\nformulario publicado en las redes sociales de la ilustre Municipalidad de\nNatales. Finalmente y de acuerdo a las palabras entregadas por el alcalde de\nNatales, se\u00f1al\u00f3 que seguir\u00e1n apoyando este tipo de iniciativa y ojal\u00e1 nuevos emprendimientos\nse unan y den a conocer sus trabajos.<\/p>\n","protected":false},"excerpt":{"rendered":"<p>El d\u00eda s\u00e1bado 30 de mayo se llev\u00f3 a cabo la primera versi\u00f3n de la feria virtual de emprendedores locales por plataforma digital, en donde 15 emprendimientos fueron los protagonistas&#8230; <a class=\"read-more\" href=\"https:\/\/www.radiopresidenteibanez.cl\/web\/con-exito-se-realizo-la-primera-feria-virtual-de-emprendedores-natalinos\/\">Leer m\u00e1s<\/a><\/p>\n","protected":false},"author":2,"featured_media":12359,"comment_status":"closed","ping_status":"closed","sticky":false,"template":"","format":"standard","meta":{"footnotes":""},"categories":[1],"tags":[],"class_list":["post-12358","post","type-post","status-publish","format-standard","has-post-thumbnail","hentry","category-cronica"],"_links":{"self":[{"href":"https:\/\/www.radiopresidenteibanez.cl\/web\/wp-json\/wp\/v2\/posts\/12358","targetHints":{"allow":["GET"]}}],"collection":[{"href":"https:\/\/www.radiopresidenteibanez.cl\/web\/wp-json\/wp\/v2\/posts"}],"about":[{"href":"https:\/\/www.radiopresidenteibanez.cl\/web\/wp-json\/wp\/v2\/types\/post"}],"author":[{"embeddable":true,"href":"https:\/\/www.radiopresidenteibanez.cl\/web\/wp-json\/wp\/v2\/users\/2"}],"replies":[{"embeddable":true,"href":"https:\/\/www.radiopresidenteibanez.cl\/web\/wp-json\/wp\/v2\/comments?post=12358"}],"version-history":[{"count":0,"href":"https:\/\/www.radiopresidenteibanez.cl\/web\/wp-json\/wp\/v2\/posts\/12358\/revisions"}],"wp:featuredmedia":[{"embeddable":true,"href":"https:\/\/www.radiopresidenteibanez.cl\/web\/wp-json\/wp\/v2\/media\/12359"}],"wp:attachment":[{"href":"https:\/\/www.radiopresidenteibanez.cl\/web\/wp-json\/wp\/v2\/media?parent=12358"}],"wp:term":[{"taxonomy":"category","embeddable":true,"href":"https:\/\/www.radiopresidenteibanez.cl\/web\/wp-json\/wp\/v2\/categories?post=12358"},{"taxonomy":"post_tag","embeddable":true,"href":"https:\/\/www.radiopresidenteibanez.cl\/web\/wp-json\/wp\/v2\/tags?post=12358"}],"curies":[{"name":"wp","href":"https:\/\/api.w.org\/{rel}","templated":true}]}}