{"id":12354,"date":"2020-06-01T19:44:02","date_gmt":"2020-06-01T19:44:02","guid":{"rendered":"https:\/\/www.radiopresidenteibanez.cl\/web\/?p=12354"},"modified":"2020-06-01T19:44:07","modified_gmt":"2020-06-01T19:44:07","slug":"comienza-la-entrega-de-las-primeras-1200-canastas-para-las-familias-mas-vulnerables-de-natales","status":"publish","type":"post","link":"https:\/\/www.radiopresidenteibanez.cl\/web\/comienza-la-entrega-de-las-primeras-1200-canastas-para-las-familias-mas-vulnerables-de-natales\/","title":{"rendered":"COMIENZA LA ENTREGA DE LAS PRIMERAS 1200 CANASTAS PARA LAS FAMILIAS M\u00c1S VULNERABLES DE NATALES"},"content":{"rendered":"\n<p>Durante esta\nma\u00f1ana, el alcalde de la comuna, junto al gobernador de la provincia&nbsp; y el comandante del Destacamento N\u00b05\nLanceros, llegaron hasta el Polideportivo Municipal de Natales para dirigir la\nentrega de las primeras 1200 canastas familiares.<\/p>\n\n\n\n<p>Este aporte, ser\u00e1\ndistribuido en 10 cuadrillas para abarcar a la ciudad en 10 sectores,\nconsiderando entrega de \u00fatiles de aseo, alimentos no perecibles y verduras.\nEntregando ayuda a las personas inscritas mediante la campa\u00f1a y pertenecientes\nal registro de social de hogares, rectificado por las bases de datos de la gobernaci\u00f3n,\nmunicipalidad, juntas de vecinos y de los establecimientos educacionales.<\/p>\n\n\n\n<p>El alcalde de\nNatales, Fernando Paredes Mansilla, agradeci\u00f3 a todas las personas que han\nhecho posible empezar hoy con la entrega de canastas. \u201cEste proceso en el mes\nde junio es gracias a un trabajo planificado que hemos hecho con el sector\nprivado, con fondos municipales y tambi\u00e9n con la colaboraci\u00f3n del ej\u00e9rcito y de\nla gobernaci\u00f3n provincial de \u00daltima Esperanza. Pretendemos que este proceso que\nvamos a iniciar hoy d\u00eda, a principios del mes de julio se replique con las\ncanastas de alimentos que van a llegar prontamente para entregarlas de parte\ndel gobierno, y que seguramente va a significar un proceso de entrega durante\nlos meses de julio, agosto y septiembre\u201d.<\/p>\n\n\n\n<p>Adem\u00e1s, el\nedil se\u00f1al\u00f3 que todav\u00eda est\u00e1n abiertas las inscripciones para postular a la\nentrega de elementos de aseo, y recalc\u00f3 que una persona que recibi\u00f3 una canasta\ntambi\u00e9n puede postular a la entrega de kits de aseo. \u201cEl hecho de que una\nfamilia reciba una canasta de alimentos, no es ning\u00fan impedimento, si el caso\nse justifica desde el punto de vista social, para que la pr\u00f3xima semana esa\npersona o familia pueda recibir elementos de aseo\u201d.<\/p>\n\n\n\n<p>En tanto, el\ngobernador de la provincia de \u00daltima Esperanza, destac\u00f3 que esta instancia\nsirve para dar cuenta que este trabajo ha sido transparente y para los vecinos.\n\u201cComo gobernaci\u00f3n provincial estamos trabajando muy en conjunto con el\nmunicipio para lo que va a ser la entrega de las canastas de gobierno, que\nesperamos se puedan entregar a partir de julio, para seguir en agosto y\nseptiembre\u201d, sostuvo Ra\u00fal Suazo.<\/p>\n\n\n\n<p>Por su parte,\nel comandante del Destacamento Acorazado N\u00b05 Lanceros, Teniente Coronel\nPatricio Zamora, subray\u00f3 que para el Ej\u00e9rcito siempre ha sido su labor apoyar a\nla poblaci\u00f3n, m\u00e1s all\u00e1 de la pandemia. \u201cEstamos orgullosos y agradecidos de la\nposibilidad de poder estar participando en esto, que producto de este trabajo\nplanificado se le va a hacer llegar a las personas m\u00e1s necesitadas de la\nprovincia elementos que le van a contribuir a sobrellevar de mejor manera la\npandemia\u201d.<\/p>\n\n\n\n<p>Estas ayudas\nbeneficiar\u00e1n a m\u00e1s de 5 mil personas que est\u00e1n en condici\u00f3n de vulnerabilidad,\ncomenzado hoy en el sector c\u00e9ntrico con la entrega de 200 canastas. La\norganizaci\u00f3n, distribuci\u00f3n y entrega contar\u00e1 con el apoyo de m\u00e1s de 100\nfuncionarios municipales y el Ej\u00e9rcito.<\/p>\n","protected":false},"excerpt":{"rendered":"<p>Durante esta ma\u00f1ana, el alcalde de la comuna, junto al gobernador de la provincia&nbsp; y el comandante del Destacamento N\u00b05 Lanceros, llegaron hasta el Polideportivo Municipal de Natales para dirigir&#8230; <a class=\"read-more\" href=\"https:\/\/www.radiopresidenteibanez.cl\/web\/comienza-la-entrega-de-las-primeras-1200-canastas-para-las-familias-mas-vulnerables-de-natales\/\">Leer m\u00e1s<\/a><\/p>\n","protected":false},"author":2,"featured_media":12355,"comment_status":"closed","ping_status":"closed","sticky":false,"template":"","format":"standard","meta":{"footnotes":""},"categories":[1],"tags":[],"class_list":["post-12354","post","type-post","status-publish","format-standard","has-post-thumbnail","hentry","category-cronica"],"_links":{"self":[{"href":"https:\/\/www.radiopresidenteibanez.cl\/web\/wp-json\/wp\/v2\/posts\/12354","targetHints":{"allow":["GET"]}}],"collection":[{"href":"https:\/\/www.radiopresidenteibanez.cl\/web\/wp-json\/wp\/v2\/posts"}],"about":[{"href":"https:\/\/www.radiopresidenteibanez.cl\/web\/wp-json\/wp\/v2\/types\/post"}],"author":[{"embeddable":true,"href":"https:\/\/www.radiopresidenteibanez.cl\/web\/wp-json\/wp\/v2\/users\/2"}],"replies":[{"embeddable":true,"href":"https:\/\/www.radiopresidenteibanez.cl\/web\/wp-json\/wp\/v2\/comments?post=12354"}],"version-history":[{"count":0,"href":"https:\/\/www.radiopresidenteibanez.cl\/web\/wp-json\/wp\/v2\/posts\/12354\/revisions"}],"wp:featuredmedia":[{"embeddable":true,"href":"https:\/\/www.radiopresidenteibanez.cl\/web\/wp-json\/wp\/v2\/media\/12355"}],"wp:attachment":[{"href":"https:\/\/www.radiopresidenteibanez.cl\/web\/wp-json\/wp\/v2\/media?parent=12354"}],"wp:term":[{"taxonomy":"category","embeddable":true,"href":"https:\/\/www.radiopresidenteibanez.cl\/web\/wp-json\/wp\/v2\/categories?post=12354"},{"taxonomy":"post_tag","embeddable":true,"href":"https:\/\/www.radiopresidenteibanez.cl\/web\/wp-json\/wp\/v2\/tags?post=12354"}],"curies":[{"name":"wp","href":"https:\/\/api.w.org\/{rel}","templated":true}]}}