{"id":12352,"date":"2020-06-01T19:39:12","date_gmt":"2020-06-01T19:39:12","guid":{"rendered":"https:\/\/www.radiopresidenteibanez.cl\/web\/?p=12352"},"modified":"2020-06-01T19:39:16","modified_gmt":"2020-06-01T19:39:16","slug":"hombre-fue-encontrado-sin-vida-al-interior-del-parque-maria-behety-de-punta-arenas","status":"publish","type":"post","link":"https:\/\/www.radiopresidenteibanez.cl\/web\/hombre-fue-encontrado-sin-vida-al-interior-del-parque-maria-behety-de-punta-arenas\/","title":{"rendered":"HOMBRE FUE ENCONTRADO SIN VIDA AL INTERIOR DEL PARQUE MAR\u00cdA BEHETY DE PUNTA ARENAS"},"content":{"rendered":"\n<p>Cerca del mediod\u00eda, hasta las dependencias del parque Mar\u00eda\nBehety de Punta Arenas, se traslad\u00f3 personal de la Polic\u00eda de Investigaciones, lo\nanterior luego de que fueran alarmados de la existencia de un hombre que se\nencontraba sin vida.<\/p>\n\n\n\n<p>Personal especialista habr\u00eda indicado que se tratar\u00eda de un\nsuicidio y que no exist\u00eda acciones de terceras personas. <\/p>\n\n\n\n<p>Hasta el momento se desconoce la identidad del hombre de aproximadamente\n60 a\u00f1os, as\u00ed tambi\u00e9n, hasta el lugar llego personal del Servicio M\u00e9dico Legal,\nquienes realizar\u00e1n el trabajo de autopsia.<\/p>\n","protected":false},"excerpt":{"rendered":"<p>Cerca del mediod\u00eda, hasta las dependencias del parque Mar\u00eda Behety de Punta Arenas, se traslad\u00f3 personal de la Polic\u00eda de Investigaciones, lo anterior luego de que fueran alarmados de la&#8230; <a class=\"read-more\" href=\"https:\/\/www.radiopresidenteibanez.cl\/web\/hombre-fue-encontrado-sin-vida-al-interior-del-parque-maria-behety-de-punta-arenas\/\">Leer m\u00e1s<\/a><\/p>\n","protected":false},"author":2,"featured_media":4141,"comment_status":"closed","ping_status":"closed","sticky":false,"template":"","format":"standard","meta":{"footnotes":""},"categories":[6],"tags":[],"class_list":["post-12352","post","type-post","status-publish","format-standard","has-post-thumbnail","hentry","category-policial"],"_links":{"self":[{"href":"https:\/\/www.radiopresidenteibanez.cl\/web\/wp-json\/wp\/v2\/posts\/12352","targetHints":{"allow":["GET"]}}],"collection":[{"href":"https:\/\/www.radiopresidenteibanez.cl\/web\/wp-json\/wp\/v2\/posts"}],"about":[{"href":"https:\/\/www.radiopresidenteibanez.cl\/web\/wp-json\/wp\/v2\/types\/post"}],"author":[{"embeddable":true,"href":"https:\/\/www.radiopresidenteibanez.cl\/web\/wp-json\/wp\/v2\/users\/2"}],"replies":[{"embeddable":true,"href":"https:\/\/www.radiopresidenteibanez.cl\/web\/wp-json\/wp\/v2\/comments?post=12352"}],"version-history":[{"count":0,"href":"https:\/\/www.radiopresidenteibanez.cl\/web\/wp-json\/wp\/v2\/posts\/12352\/revisions"}],"wp:featuredmedia":[{"embeddable":true,"href":"https:\/\/www.radiopresidenteibanez.cl\/web\/wp-json\/wp\/v2\/media\/4141"}],"wp:attachment":[{"href":"https:\/\/www.radiopresidenteibanez.cl\/web\/wp-json\/wp\/v2\/media?parent=12352"}],"wp:term":[{"taxonomy":"category","embeddable":true,"href":"https:\/\/www.radiopresidenteibanez.cl\/web\/wp-json\/wp\/v2\/categories?post=12352"},{"taxonomy":"post_tag","embeddable":true,"href":"https:\/\/www.radiopresidenteibanez.cl\/web\/wp-json\/wp\/v2\/tags?post=12352"}],"curies":[{"name":"wp","href":"https:\/\/api.w.org\/{rel}","templated":true}]}}