{"id":12349,"date":"2020-06-01T19:31:18","date_gmt":"2020-06-01T19:31:18","guid":{"rendered":"https:\/\/www.radiopresidenteibanez.cl\/web\/?p=12349"},"modified":"2020-06-01T19:31:22","modified_gmt":"2020-06-01T19:31:22","slug":"conaf-realizo-taller-con-expertos-para-elaboracion-de-nuevo-plan-de-manejo-del-monumento-natural-cueva-del-milodon","status":"publish","type":"post","link":"https:\/\/www.radiopresidenteibanez.cl\/web\/conaf-realizo-taller-con-expertos-para-elaboracion-de-nuevo-plan-de-manejo-del-monumento-natural-cueva-del-milodon\/","title":{"rendered":"CONAF REALIZ\u00d3 TALLER CON EXPERTOS PARA ELABORACI\u00d3N DE NUEVO PLAN DE MANEJO DEL MONUMENTO NATURAL CUEVA DEL MILOD\u00d3N"},"content":{"rendered":"\n<p>A&nbsp; trav\u00e9s de videoconferencia, se realiz\u00f3 a mediados de mayo el primer taller externo enmarcado en la elaboraci\u00f3n de un nuevo Plan de Manejo para el Monumento Natural Cueva del Milod\u00f3n.<\/p>\n\n\n\n<p>Consisti\u00f3 en el primer taller de expertos, el cual cont\u00f3 con la participaci\u00f3n de 27 especialistas en las \u00e1reas Biol\u00f3gicas, geol\u00f3gicas, paleontol\u00f3gica, arqueol\u00f3gicas, espeleol\u00f3gicas, Recursos Naturales y Turismo de intereses especiales, adem\u00e1s de 13 funcionarios del Departamento de \u00e1reas Silvestres Protegidas DASP.<\/p>\n\n\n\n<p>Su administradora, Alejandra Olivares, lider\u00f3 este equipo gestionando el taller con distintos actores claves en el \u00e1rea cient\u00edfica, quienes se conectaron desde distintos lugares de Chile y del mundo.<\/p>\n\n\n\n<p>El inicio de esta planificaci\u00f3n tiene una significativa importancia, considerando que el Monumento Natural Cueva del Milod\u00f3n se encuentra incorporada como nueva \u00e1rea N\u00facleo de la Reserva de Biosfera Torres del Paine, designaci\u00f3n otorgada por la UNESCO desde el a\u00f1o 1978 y que fue renovada por 10 a\u00f1os<\/p>\n\n\n\n<p>Esta \u00e1rea silvestre protegida fue nombrada como Monumento Hist\u00f3rico en 1968 mediante el decreto supremo N\u00b0 138 del Ministerio de Educaci\u00f3n a petici\u00f3n del Consejo de Monumentos Nacionales, el cual solicit\u00f3 proteger el \u00e1rea de la Cueva del Milod\u00f3n, Cueva chica y Silla del Diablo.<\/p>\n\n\n\n<p>Posteriormente, estos terrenos fueron adquiridos en 1978 por CONAF y en 1993 ingresa al Sistema Nacional de \u00c1reas Silvestres Protegida como Monumento Natural Cueva del Milod\u00f3n, mediante el Decreto Supremo N\u00b0 359 del Ministerio de Agricultura.<\/p>\n\n\n\n<p>Si bien estos talleres se realizan de forma presencial, el equipo t\u00e9cnico liderado por la Administradora Alejandra Olivares, vio una oportunidad para gestionar este taller con distintos actores claves en el \u00e1rea cient\u00edfica, los cuales se conectaron de distintos lugares de Chile y del mundo, a fin de contribuir en la planificaci\u00f3n de esta \u00e1rea que guarda un importante registro hist\u00f3rico y prehist\u00f3rico de la Patagonia con un reconocimiento cient\u00edfico mundial.<\/p>\n","protected":false},"excerpt":{"rendered":"<p>A&nbsp; trav\u00e9s de videoconferencia, se realiz\u00f3 a mediados de mayo el primer taller externo enmarcado en la elaboraci\u00f3n de un nuevo Plan de Manejo para el Monumento Natural Cueva del&#8230; <a class=\"read-more\" href=\"https:\/\/www.radiopresidenteibanez.cl\/web\/conaf-realizo-taller-con-expertos-para-elaboracion-de-nuevo-plan-de-manejo-del-monumento-natural-cueva-del-milodon\/\">Leer m\u00e1s<\/a><\/p>\n","protected":false},"author":2,"featured_media":12350,"comment_status":"closed","ping_status":"closed","sticky":false,"template":"","format":"standard","meta":{"footnotes":""},"categories":[1],"tags":[],"class_list":["post-12349","post","type-post","status-publish","format-standard","has-post-thumbnail","hentry","category-cronica"],"_links":{"self":[{"href":"https:\/\/www.radiopresidenteibanez.cl\/web\/wp-json\/wp\/v2\/posts\/12349","targetHints":{"allow":["GET"]}}],"collection":[{"href":"https:\/\/www.radiopresidenteibanez.cl\/web\/wp-json\/wp\/v2\/posts"}],"about":[{"href":"https:\/\/www.radiopresidenteibanez.cl\/web\/wp-json\/wp\/v2\/types\/post"}],"author":[{"embeddable":true,"href":"https:\/\/www.radiopresidenteibanez.cl\/web\/wp-json\/wp\/v2\/users\/2"}],"replies":[{"embeddable":true,"href":"https:\/\/www.radiopresidenteibanez.cl\/web\/wp-json\/wp\/v2\/comments?post=12349"}],"version-history":[{"count":0,"href":"https:\/\/www.radiopresidenteibanez.cl\/web\/wp-json\/wp\/v2\/posts\/12349\/revisions"}],"wp:featuredmedia":[{"embeddable":true,"href":"https:\/\/www.radiopresidenteibanez.cl\/web\/wp-json\/wp\/v2\/media\/12350"}],"wp:attachment":[{"href":"https:\/\/www.radiopresidenteibanez.cl\/web\/wp-json\/wp\/v2\/media?parent=12349"}],"wp:term":[{"taxonomy":"category","embeddable":true,"href":"https:\/\/www.radiopresidenteibanez.cl\/web\/wp-json\/wp\/v2\/categories?post=12349"},{"taxonomy":"post_tag","embeddable":true,"href":"https:\/\/www.radiopresidenteibanez.cl\/web\/wp-json\/wp\/v2\/tags?post=12349"}],"curies":[{"name":"wp","href":"https:\/\/api.w.org\/{rel}","templated":true}]}}