{"id":12343,"date":"2020-06-01T19:23:50","date_gmt":"2020-06-01T19:23:50","guid":{"rendered":"https:\/\/www.radiopresidenteibanez.cl\/web\/?p=12343"},"modified":"2020-06-01T19:23:55","modified_gmt":"2020-06-01T19:23:55","slug":"calle-magallanes-fue-reabierta-al-transito-de-locomocion-colectiva-desde-la-interseccion-con-jose-menendez","status":"publish","type":"post","link":"https:\/\/www.radiopresidenteibanez.cl\/web\/calle-magallanes-fue-reabierta-al-transito-de-locomocion-colectiva-desde-la-interseccion-con-jose-menendez\/","title":{"rendered":"CALLE MAGALLANES FUE REABIERTA AL TR\u00c1NSITO DE LOCOMOCI\u00d3N COLECTIVA DESDE LA INTERSECCI\u00d3N CON JOS\u00c9 MEN\u00c9NDEZ"},"content":{"rendered":"\n<p>Las autoridades fueron acompa\u00f1adas por el alcalde Claudio Radonich y tras correr las barreras que imped\u00edan el tr\u00e1nsito vehicular, permanecieron en el lugar invitando a los conductores de la locomoci\u00f3n colectiva a continuar el trayecto desde calle Jos\u00e9 Men\u00e9ndez al norte, usando la calzada de calle Magllanes. En la ocasi\u00f3n se constat\u00f3 que muchos conductores de veh\u00edculos particulares no est\u00e1n respetando la prohibici\u00f3n de desplazamiento por dicha v\u00eda.<\/p>\n\n\n\n<p>El tramo de pavimentaci\u00f3n finalizado en su totalidad y que se ubica entre Jos\u00e9 Men\u00e9ndez y Avenida Col\u00f3n, forma parte de la iniciativa denominada \u201cMejoramiento est\u00e1ndar urbano calle 21 de Mayo (Magallanes)\u201d, la cual considera la reposici\u00f3n de calzada en calle 21 de Mayo desde Calle Balmaceda a Julio Roca y de calle Magallanes desde Plaza de Armas Mu\u00f1oz Gamero hasta Av. Col\u00f3n; obras de civiles de soterrado de ductos de red el\u00e9ctrica y de corrientes d\u00e9biles para la futura instalaci\u00f3n de cables bajo la superficie, obras de aguas lluvias, iluminaci\u00f3n ornamental e instalaci\u00f3n de nuevos ductos de semaforizaci\u00f3n y paisajismo. La inversi\u00f3n del F.N.D.R. para la obra, asciende a $1.185.745.036, mientras que la empresa contratista es Desarrollos Constructivos AXIS S.A.<\/p>\n\n\n\n<p>Respecto a la reapertura, el director regional del Serviu, Dubalio P\u00e9rez, explic\u00f3 \u201cHoy damos a uso la calzada, faltando principalmente las obras de veredas y paisajismo y a su vez, en la intersecci\u00f3n de Jos\u00e9 Men\u00e9ndez con Magallanes, se est\u00e1n construyendo b\u00f3vedas. Nuestra intenci\u00f3n es que, a fines de agosto o principios de septiembre, podamos estar finalizando la totalidad del proyecto.\u201d<\/p>\n\n\n\n<p>En cuanto a las medidas implementadas por la Seremi de Transportes y Telecomunicacionmes, el Seremi Marcos Mella indic\u00f3 \u201cHoy se abre la calzada frente al liceo Comercial, con lo cual podemos instalar un paradero afuera de este establecimiento y habilitar un flujo normal para que los veh\u00edculos no tengan que desviarse y eso nos tiene muy contentos\u201d. La autoridad agreg\u00f3 que, si bien las faenas se vieron suspendidas producto del estallido social y de las medidas sanitarias frente al COVID 19, el Serviu y la empresa contratista ya est\u00e1n en las obras finales de pavimentaci\u00f3n de calzadas, restando el mejoramiento de las aceras con pavimentaci\u00f3n y paisajismo.<\/p>\n\n\n\n<p>Cabe se\u00f1alar que en Magallanes esquina Jos\u00e9 Men\u00e9ndez, se construyen b\u00f3vedas, correspondientes al proyecto de soterrado, que se utilizar\u00e1n para la instalaci\u00f3n y operaci\u00f3n de equipos de maniobras y subestaci\u00f3n, correspondientes a la compa\u00f1\u00eda del servicio el\u00e9ctrico. Dichos trabajos se ver\u00e1n facilitados a partir de la reapertura del tr\u00e1nsito por Magallanes.<\/p>\n\n\n\n<p>Ya finalizado el pavimento en las calzadas, se iniciar\u00e1 la confecci\u00f3n de aceras en sector oriente de calle Hernando de Magallanes y completaran tramos intervenidos desde Plaza de Armas Mu\u00f1oz Gamero hacia el sur. El dise\u00f1o ser\u00e1 similar a las ya existentes en el centro c\u00edvico de la ciudad, a las que se incorporar\u00e1n elementos que mejoran la accesibilidad universal en las intersecciones. La obra se completa con elementos de paisajismo y seguridad vial.<\/p>\n\n\n\n<p>Es importante se\u00f1alar que la empresa contratista, ha tomado las medidas pertinentes desde que se decret\u00f3 el estado de emergencia sanitaria, aplicando protocolos internos que se adaptan a los requerimientos de la autoridad sanitaria para poder continuar con los trabajos de manera segura.<\/p>\n","protected":false},"excerpt":{"rendered":"<p>Las autoridades fueron acompa\u00f1adas por el alcalde Claudio Radonich y tras correr las barreras que imped\u00edan el tr\u00e1nsito vehicular, permanecieron en el lugar invitando a los conductores de la locomoci\u00f3n&#8230; <a class=\"read-more\" href=\"https:\/\/www.radiopresidenteibanez.cl\/web\/calle-magallanes-fue-reabierta-al-transito-de-locomocion-colectiva-desde-la-interseccion-con-jose-menendez\/\">Leer m\u00e1s<\/a><\/p>\n","protected":false},"author":2,"featured_media":12344,"comment_status":"closed","ping_status":"closed","sticky":false,"template":"","format":"standard","meta":{"footnotes":""},"categories":[1],"tags":[],"class_list":["post-12343","post","type-post","status-publish","format-standard","has-post-thumbnail","hentry","category-cronica"],"_links":{"self":[{"href":"https:\/\/www.radiopresidenteibanez.cl\/web\/wp-json\/wp\/v2\/posts\/12343","targetHints":{"allow":["GET"]}}],"collection":[{"href":"https:\/\/www.radiopresidenteibanez.cl\/web\/wp-json\/wp\/v2\/posts"}],"about":[{"href":"https:\/\/www.radiopresidenteibanez.cl\/web\/wp-json\/wp\/v2\/types\/post"}],"author":[{"embeddable":true,"href":"https:\/\/www.radiopresidenteibanez.cl\/web\/wp-json\/wp\/v2\/users\/2"}],"replies":[{"embeddable":true,"href":"https:\/\/www.radiopresidenteibanez.cl\/web\/wp-json\/wp\/v2\/comments?post=12343"}],"version-history":[{"count":0,"href":"https:\/\/www.radiopresidenteibanez.cl\/web\/wp-json\/wp\/v2\/posts\/12343\/revisions"}],"wp:featuredmedia":[{"embeddable":true,"href":"https:\/\/www.radiopresidenteibanez.cl\/web\/wp-json\/wp\/v2\/media\/12344"}],"wp:attachment":[{"href":"https:\/\/www.radiopresidenteibanez.cl\/web\/wp-json\/wp\/v2\/media?parent=12343"}],"wp:term":[{"taxonomy":"category","embeddable":true,"href":"https:\/\/www.radiopresidenteibanez.cl\/web\/wp-json\/wp\/v2\/categories?post=12343"},{"taxonomy":"post_tag","embeddable":true,"href":"https:\/\/www.radiopresidenteibanez.cl\/web\/wp-json\/wp\/v2\/tags?post=12343"}],"curies":[{"name":"wp","href":"https:\/\/api.w.org\/{rel}","templated":true}]}}