{"id":12340,"date":"2020-06-01T19:21:08","date_gmt":"2020-06-01T19:21:08","guid":{"rendered":"https:\/\/www.radiopresidenteibanez.cl\/web\/?p=12340"},"modified":"2020-06-01T19:21:12","modified_gmt":"2020-06-01T19:21:12","slug":"seremi-del-trabajo-se-reune-con-las-omil-para-iniciar-labor-conjunta-de-apoyo-a-personas-desempleadas","status":"publish","type":"post","link":"https:\/\/www.radiopresidenteibanez.cl\/web\/seremi-del-trabajo-se-reune-con-las-omil-para-iniciar-labor-conjunta-de-apoyo-a-personas-desempleadas\/","title":{"rendered":"SEREMI DEL TRABAJO SE RE\u00daNE CON LAS OMIL PARA INICIAR LABOR CONJUNTA DE APOYO A PERSONAS DESEMPLEADAS"},"content":{"rendered":"\n<p>La Seremi del Trabajo,\nVictoria Cort\u00e9s Schiattino, se reuni\u00f3 esta semana con representantes de las\nOficinas Municipales de Intermediaci\u00f3n Laboral (Omil) de Punta Arenas y Puerto\nNatales y con el Servicio Nacional de Capacitaci\u00f3n y Empleo (Sence) Magallanes\npara trabajar en conjunto en un protocolo de acompa\u00f1amiento y apoyo a personas\ndesempleadas.<\/p>\n\n\n\n<p>El objetivo de este\ntrabajo es buscar las mejores estrategias para entregar una orientaci\u00f3n\nefectiva al momento que una persona se queda sin trabajo y entregarle la\ninformaci\u00f3n que requiere durante este per\u00edodo.<\/p>\n\n\n\n<p>\u201cComo ministerio del\nTrabajo estamos en un proceso de ver c\u00f3mo apoyamos la reactivaci\u00f3n del mercado\nlaboral en Magallanes con las medidas de seguridad que requiere la actual\ncrisis sanitaria. En ese sentido, nos hemos reunido con representantes de las\nOmil de Punta Arenas y Puerto Natales, adem\u00e1s de Sence, para hacer una labor\nconjunta, iniciando con la tarea de orientar y acompa\u00f1ar a quienes lo necesiten.\nLa idea es identificar las mejores alternativas para acompa\u00f1ar y, en paralelo a\nello, ir mejorando la oferta y demanda laboral\u201d, se\u00f1al\u00f3 la secretaria regional.<\/p>\n\n\n\n<p>Para lograrlo, la\nautoridad ha recogido experiencias positivas de acompa\u00f1amiento y recolocaci\u00f3n\nlaboral de algunos sectores, como es el de la industria salmonera, a fin de elaborar\nuna red efectiva de apoyo que considere desde recomendaciones pr\u00e1cticas y\ntr\u00e1mites que se deben realizar con la indicaci\u00f3n de los beneficios estatales a\nlos que se puede acceder hasta que la situaci\u00f3n permita su futura\nreincorporaci\u00f3n laboral.<\/p>\n\n\n\n<p>\u201cComo hemos dicho,\nestamos trabajando en medidas que nos permitan ir levantando el empleo en\nMagallanes con todos los resguardos pertinentes a la pandemia y, en eso, el\ntrabajo de orientaci\u00f3n de las Omil es clave, por lo cual, la idea es poder\nhacer un trabajo y seguimiento conjunto entre la Seremi, Sence y las Oficinas\nmunicipales presentes en la regi\u00f3n\u201d, finaliz\u00f3 la autoridad laboral.<\/p>\n\n\n\n<p>En la reuni\u00f3n,\nejecutada a trav\u00e9s de plataforma virtual, participaron el encargado de Unidad\nde Empleo y Empresas de Sence Magallanes, Roberto Vargas; el Presidente de la\nAsociaci\u00f3n de Salmonicultores de Magallanes, Carlos Odebret; y los encargados\nde las oficinas municipales de intermediaci\u00f3n laboral de Punta Arenas y Puerto\nNatales. <\/p>\n","protected":false},"excerpt":{"rendered":"<p>La Seremi del Trabajo, Victoria Cort\u00e9s Schiattino, se reuni\u00f3 esta semana con representantes de las Oficinas Municipales de Intermediaci\u00f3n Laboral (Omil) de Punta Arenas y Puerto Natales y con el&#8230; <a class=\"read-more\" href=\"https:\/\/www.radiopresidenteibanez.cl\/web\/seremi-del-trabajo-se-reune-con-las-omil-para-iniciar-labor-conjunta-de-apoyo-a-personas-desempleadas\/\">Leer m\u00e1s<\/a><\/p>\n","protected":false},"author":2,"featured_media":12341,"comment_status":"closed","ping_status":"closed","sticky":false,"template":"","format":"standard","meta":{"footnotes":""},"categories":[1],"tags":[],"class_list":["post-12340","post","type-post","status-publish","format-standard","has-post-thumbnail","hentry","category-cronica"],"_links":{"self":[{"href":"https:\/\/www.radiopresidenteibanez.cl\/web\/wp-json\/wp\/v2\/posts\/12340","targetHints":{"allow":["GET"]}}],"collection":[{"href":"https:\/\/www.radiopresidenteibanez.cl\/web\/wp-json\/wp\/v2\/posts"}],"about":[{"href":"https:\/\/www.radiopresidenteibanez.cl\/web\/wp-json\/wp\/v2\/types\/post"}],"author":[{"embeddable":true,"href":"https:\/\/www.radiopresidenteibanez.cl\/web\/wp-json\/wp\/v2\/users\/2"}],"replies":[{"embeddable":true,"href":"https:\/\/www.radiopresidenteibanez.cl\/web\/wp-json\/wp\/v2\/comments?post=12340"}],"version-history":[{"count":0,"href":"https:\/\/www.radiopresidenteibanez.cl\/web\/wp-json\/wp\/v2\/posts\/12340\/revisions"}],"wp:featuredmedia":[{"embeddable":true,"href":"https:\/\/www.radiopresidenteibanez.cl\/web\/wp-json\/wp\/v2\/media\/12341"}],"wp:attachment":[{"href":"https:\/\/www.radiopresidenteibanez.cl\/web\/wp-json\/wp\/v2\/media?parent=12340"}],"wp:term":[{"taxonomy":"category","embeddable":true,"href":"https:\/\/www.radiopresidenteibanez.cl\/web\/wp-json\/wp\/v2\/categories?post=12340"},{"taxonomy":"post_tag","embeddable":true,"href":"https:\/\/www.radiopresidenteibanez.cl\/web\/wp-json\/wp\/v2\/tags?post=12340"}],"curies":[{"name":"wp","href":"https:\/\/api.w.org\/{rel}","templated":true}]}}