{"id":12337,"date":"2020-06-01T14:57:37","date_gmt":"2020-06-01T14:57:37","guid":{"rendered":"https:\/\/www.radiopresidenteibanez.cl\/web\/?p=12337"},"modified":"2020-06-01T15:04:26","modified_gmt":"2020-06-01T15:04:26","slug":"nuevo-peak-5471-nuevos-casos-y-59-fallecidos-en-las-24-horas-en-chile","status":"publish","type":"post","link":"https:\/\/www.radiopresidenteibanez.cl\/web\/nuevo-peak-5471-nuevos-casos-y-59-fallecidos-en-las-24-horas-en-chile\/","title":{"rendered":"NUEVO PEAK: 5471 NUEVOS CASOS Y 59 FALLECIDOS EN LAS 24 HORAS EN CHILE"},"content":{"rendered":"\n<p>Se alcanza un nuevo peak de contagios en Chile, 5471 nuevos casos de ellos, 5082 casos con s\u00edntomas y 389 asintom\u00e1ticos, 105.159 casos totales de estos 44.946 recuperados, as\u00ed tambi\u00e9n se confirma el fallecimiento de 59 personas en la \u00faltima jornada llegando a un total de 1113 decesos.<\/p>\n\n\n\n<p><\/p>\n","protected":false},"excerpt":{"rendered":"<p>Se alcanza un nuevo peak de contagios en Chile, 5471 nuevos casos de ellos, 5082 casos con s\u00edntomas y 389 asintom\u00e1ticos, 105.159 casos totales de estos 44.946 recuperados, as\u00ed tambi\u00e9n&#8230; <a class=\"read-more\" href=\"https:\/\/www.radiopresidenteibanez.cl\/web\/nuevo-peak-5471-nuevos-casos-y-59-fallecidos-en-las-24-horas-en-chile\/\">Leer m\u00e1s<\/a><\/p>\n","protected":false},"author":2,"featured_media":10325,"comment_status":"closed","ping_status":"closed","sticky":false,"template":"","format":"standard","meta":{"footnotes":""},"categories":[1],"tags":[],"class_list":["post-12337","post","type-post","status-publish","format-standard","has-post-thumbnail","hentry","category-cronica"],"_links":{"self":[{"href":"https:\/\/www.radiopresidenteibanez.cl\/web\/wp-json\/wp\/v2\/posts\/12337","targetHints":{"allow":["GET"]}}],"collection":[{"href":"https:\/\/www.radiopresidenteibanez.cl\/web\/wp-json\/wp\/v2\/posts"}],"about":[{"href":"https:\/\/www.radiopresidenteibanez.cl\/web\/wp-json\/wp\/v2\/types\/post"}],"author":[{"embeddable":true,"href":"https:\/\/www.radiopresidenteibanez.cl\/web\/wp-json\/wp\/v2\/users\/2"}],"replies":[{"embeddable":true,"href":"https:\/\/www.radiopresidenteibanez.cl\/web\/wp-json\/wp\/v2\/comments?post=12337"}],"version-history":[{"count":0,"href":"https:\/\/www.radiopresidenteibanez.cl\/web\/wp-json\/wp\/v2\/posts\/12337\/revisions"}],"wp:featuredmedia":[{"embeddable":true,"href":"https:\/\/www.radiopresidenteibanez.cl\/web\/wp-json\/wp\/v2\/media\/10325"}],"wp:attachment":[{"href":"https:\/\/www.radiopresidenteibanez.cl\/web\/wp-json\/wp\/v2\/media?parent=12337"}],"wp:term":[{"taxonomy":"category","embeddable":true,"href":"https:\/\/www.radiopresidenteibanez.cl\/web\/wp-json\/wp\/v2\/categories?post=12337"},{"taxonomy":"post_tag","embeddable":true,"href":"https:\/\/www.radiopresidenteibanez.cl\/web\/wp-json\/wp\/v2\/tags?post=12337"}],"curies":[{"name":"wp","href":"https:\/\/api.w.org\/{rel}","templated":true}]}}