{"id":12335,"date":"2020-06-01T14:36:15","date_gmt":"2020-06-01T14:36:15","guid":{"rendered":"https:\/\/www.radiopresidenteibanez.cl\/web\/?p=12335"},"modified":"2020-06-01T14:36:19","modified_gmt":"2020-06-01T14:36:19","slug":"se-cumplen-4-anos-de-la-puesta-en-marcha-del-ministerio-de-la-mujer-y-la-equidad-de-genero","status":"publish","type":"post","link":"https:\/\/www.radiopresidenteibanez.cl\/web\/se-cumplen-4-anos-de-la-puesta-en-marcha-del-ministerio-de-la-mujer-y-la-equidad-de-genero\/","title":{"rendered":"SE CUMPLEN 4 A\u00d1OS DE LA PUESTA EN MARCHA DEL MINISTERIO DE LA MUJER Y LA EQUIDAD DE G\u00c9NERO"},"content":{"rendered":"\n<p>A cuatro a\u00f1os de la puesta en marcha del\nMinisterio de la Mujer y la Equidad de G\u00e9nero; uno de junio de 2016; la\nInstituci\u00f3n se encuentra trabajando junto a su Servicio asociado, el SernamEG,\nen diferentes campa\u00f1as y acciones para erradicar la violencia contra las\nmujeres en un escenario complejo como es la pandemia Covid19.<\/p>\n\n\n\n<p>En forma paralela se lleva adelante lo\nestablecido en el Cuarto Plan Nacional de Igualdad de G\u00e9nero 2018-2030, uno de\nlos compromisos establecidos en la Ley N\u00b0 20.820 que cre\u00f3 el Ministerio, y que\nentrega una hoja de ruta a cumplir entre las fechas indicadas para alcanzar una\nsociedad que mejore la calidad de vida de las mujeres, logrando una sociedad\nm\u00e1s igualitaria, ejecutando acciones demandadas por la sociedad civil y\norganismos de los sectores p\u00fablicos, contribuyendo al logro de los Objetivos\npara el Desarrollo Sostenible de las Naciones Unidas.&nbsp; Plan de Trabajo que se resume en la Agenda\nMujer impulsada por el Gobierno de Sebasti\u00e1n Pi\u00f1era.<\/p>\n\n\n\n<p>En l\u00edneas generales se consideran en el Plan\nde Trabajo y su relaci\u00f3n con los Objetivos de Desarrollo Sostenible:<\/p>\n\n\n\n<ul class=\"wp-block-list\"><li>Derechos\nCiviles y Pol\u00edticos<\/li><li>Derechos\nEcon\u00f3micos<\/li><li>Derechos\nSexuales y Reproductivos, y a la Salud Integral<\/li><li>Derecho\na una vida libre de violencia y discriminaci\u00f3n<\/li><li>Derecho\nde igualdad de oportunidades y diversidad cultural y,<\/li><li>Derechos\nColectivos y ambientales.<\/li><\/ul>\n\n\n\n<p>Para el cumplimiento de estos objetivos se\nhan establecido plazos, por ejemplo, en la representatividad pol\u00edtica, judicial\ny social de las mujeres, incrementando su capacidad de incidencia, con criterio\nde paridad. Algunas de las modificaciones propuestas ya se han cumplido de\nacuerdo con los plazos, como por ejemplo la modificaci\u00f3n del Art. 128 del\nC\u00f3digo Civil, para que la mujer embarazada que se divorcia pueda casarse\nnuevamente en el momento que lo decida.<\/p>\n\n\n\n<p>La aparici\u00f3n del Corona virus ha obligado al Ministerio\nde la Mujer y el Sernameg, a incrementar la creaci\u00f3n y difusi\u00f3n de campa\u00f1as\ndestinadas a erradicar la violencia contra las mujeres, que en tiempos de\ncuarentena se encuentran m\u00e1s expuestas y por lo tanto se hace imprescindible\nponer a disposici\u00f3n de la comunidad el m\u00e1ximo posible de herramientas. <\/p>\n","protected":false},"excerpt":{"rendered":"<p>A cuatro a\u00f1os de la puesta en marcha del Ministerio de la Mujer y la Equidad de G\u00e9nero; uno de junio de 2016; la Instituci\u00f3n se encuentra trabajando junto a&#8230; <a class=\"read-more\" href=\"https:\/\/www.radiopresidenteibanez.cl\/web\/se-cumplen-4-anos-de-la-puesta-en-marcha-del-ministerio-de-la-mujer-y-la-equidad-de-genero\/\">Leer m\u00e1s<\/a><\/p>\n","protected":false},"author":2,"featured_media":740,"comment_status":"closed","ping_status":"closed","sticky":false,"template":"","format":"standard","meta":{"footnotes":""},"categories":[1],"tags":[],"class_list":["post-12335","post","type-post","status-publish","format-standard","has-post-thumbnail","hentry","category-cronica"],"_links":{"self":[{"href":"https:\/\/www.radiopresidenteibanez.cl\/web\/wp-json\/wp\/v2\/posts\/12335","targetHints":{"allow":["GET"]}}],"collection":[{"href":"https:\/\/www.radiopresidenteibanez.cl\/web\/wp-json\/wp\/v2\/posts"}],"about":[{"href":"https:\/\/www.radiopresidenteibanez.cl\/web\/wp-json\/wp\/v2\/types\/post"}],"author":[{"embeddable":true,"href":"https:\/\/www.radiopresidenteibanez.cl\/web\/wp-json\/wp\/v2\/users\/2"}],"replies":[{"embeddable":true,"href":"https:\/\/www.radiopresidenteibanez.cl\/web\/wp-json\/wp\/v2\/comments?post=12335"}],"version-history":[{"count":0,"href":"https:\/\/www.radiopresidenteibanez.cl\/web\/wp-json\/wp\/v2\/posts\/12335\/revisions"}],"wp:featuredmedia":[{"embeddable":true,"href":"https:\/\/www.radiopresidenteibanez.cl\/web\/wp-json\/wp\/v2\/media\/740"}],"wp:attachment":[{"href":"https:\/\/www.radiopresidenteibanez.cl\/web\/wp-json\/wp\/v2\/media?parent=12335"}],"wp:term":[{"taxonomy":"category","embeddable":true,"href":"https:\/\/www.radiopresidenteibanez.cl\/web\/wp-json\/wp\/v2\/categories?post=12335"},{"taxonomy":"post_tag","embeddable":true,"href":"https:\/\/www.radiopresidenteibanez.cl\/web\/wp-json\/wp\/v2\/tags?post=12335"}],"curies":[{"name":"wp","href":"https:\/\/api.w.org\/{rel}","templated":true}]}}