{"id":12333,"date":"2020-06-01T14:22:36","date_gmt":"2020-06-01T14:22:36","guid":{"rendered":"https:\/\/www.radiopresidenteibanez.cl\/web\/?p=12333"},"modified":"2020-06-01T14:22:40","modified_gmt":"2020-06-01T14:22:40","slug":"sin-viajes-a-punta-arenas-sky-reactiva-su-operacion-con-itinerario-minimo-a-seis-regiones-de-chile","status":"publish","type":"post","link":"https:\/\/www.radiopresidenteibanez.cl\/web\/sin-viajes-a-punta-arenas-sky-reactiva-su-operacion-con-itinerario-minimo-a-seis-regiones-de-chile\/","title":{"rendered":"SIN VIAJES A PUNTA ARENAS: SKY REACTIVA SU OPERACI\u00d3N CON ITINERARIO M\u00cdNIMO A  SEIS REGIONES DE CHILE"},"content":{"rendered":"\n<p>Con\nsolo seis destinos nacionales y un exigente protocolo de seguridad, SKY retom\u00f3 hoy\nsus operaciones regulares en Chile, comenzando as\u00ed la primera etapa de su plan\nde reactivaci\u00f3n, tras estar casi tres meses sin vuelos dom\u00e9sticos.<\/p>\n\n\n\n<p>Las\nregiones contempladas para esta primera etapa son Iquique, Antofagasta, Calama,\nConcepci\u00f3n, Puerto Montt y Balmaceda, las que contar\u00e1n con un itinerario muy\nacotado de lunes a viernes.<\/p>\n\n\n\n<p>\u201cQuisimos\ncomenzar con itinerario peque\u00f1o, porque nos permite poder operar de manera\nsegura y responsable, resguardado al m\u00e1ximo posible la seguridad y salud de\ntodas las personas\u201d, asegur\u00f3 la directora comercial de SKY, Carmen Gloria\nSerrat.<\/p>\n\n\n\n<p>Asimismo,\nrecalc\u00f3 que la compa\u00f1\u00eda opt\u00f3 por esas seis regiones, ya que por el momento son\nlas de mayor relevancia para el pa\u00eds y la industria. <\/p>\n\n\n\n<p>\u201cEl objetivo\nno es impulsar los viajes masivos ni de turismo, sino m\u00e1s bien concentrarnos en\naquellos destinos que hoy cumplen un rol relevante y que podemos operar de\nmanera consciente y en sinton\u00eda con el impacto que est\u00e1 causando el Coronavirus\na lo largo de todo Chile\u201d, precis\u00f3 Serrat.<\/p>\n\n\n\n<p>As\u00ed,\na partir de hoy y hasta el 28 de junio, SKY disminuir\u00e1 en un 33% su capacidad a\nbordo, bloqueando todas las filas de asientos centrales, para asegurar al\nm\u00e1ximo posible el distanciamiento f\u00edsico entre los pasajeros. <\/p>\n\n\n\n<p>\u201cSi\nbien la reducci\u00f3n de la capacidad del avi\u00f3n tiene un impacto en los ingresos de\nla compa\u00f1\u00eda, SKY decidi\u00f3 asumir dicho costo con tal de resguardar la salud y\nseguridad de sus pasajeros, tripulantes y colaboradores\u201d, dijo Serrat.<\/p>\n\n\n\n<p>Adem\u00e1s,\nla compa\u00f1\u00eda solo operar\u00e1 con aviones A320neo, los cuales cuentan con filtros\nHEPA, que atrapan las part\u00edculas microsc\u00f3picas, incluyendo el Coronavirus,\nrenovando el aire de toda la cabina cada tres minutos. A ello se le suma la\nsanitizaci\u00f3n diaria de todas las cabinas de las aeronaves, de acuerdo con los\nm\u00e1s altos est\u00e1ndares nacionales e internacionales.<\/p>\n\n\n\n<p>En\ntanto, en el aeropuerto, la compa\u00f1\u00eda activ\u00f3 nuevas medidas de resguardo en el\nembarque y desembarque, asegurando un mayor espacio entre los pasajeros que\nesperan subir al avi\u00f3n; reduciendo el contacto directo con el personal de SKY\nen el counter y desinfectando las maletas en las cintas de equipaje.<\/p>\n","protected":false},"excerpt":{"rendered":"<p>Con solo seis destinos nacionales y un exigente protocolo de seguridad, SKY retom\u00f3 hoy sus operaciones regulares en Chile, comenzando as\u00ed la primera etapa de su plan de reactivaci\u00f3n, tras&#8230; <a class=\"read-more\" href=\"https:\/\/www.radiopresidenteibanez.cl\/web\/sin-viajes-a-punta-arenas-sky-reactiva-su-operacion-con-itinerario-minimo-a-seis-regiones-de-chile\/\">Leer m\u00e1s<\/a><\/p>\n","protected":false},"author":2,"featured_media":4520,"comment_status":"closed","ping_status":"closed","sticky":false,"template":"","format":"standard","meta":{"footnotes":""},"categories":[1],"tags":[],"class_list":["post-12333","post","type-post","status-publish","format-standard","has-post-thumbnail","hentry","category-cronica"],"_links":{"self":[{"href":"https:\/\/www.radiopresidenteibanez.cl\/web\/wp-json\/wp\/v2\/posts\/12333","targetHints":{"allow":["GET"]}}],"collection":[{"href":"https:\/\/www.radiopresidenteibanez.cl\/web\/wp-json\/wp\/v2\/posts"}],"about":[{"href":"https:\/\/www.radiopresidenteibanez.cl\/web\/wp-json\/wp\/v2\/types\/post"}],"author":[{"embeddable":true,"href":"https:\/\/www.radiopresidenteibanez.cl\/web\/wp-json\/wp\/v2\/users\/2"}],"replies":[{"embeddable":true,"href":"https:\/\/www.radiopresidenteibanez.cl\/web\/wp-json\/wp\/v2\/comments?post=12333"}],"version-history":[{"count":0,"href":"https:\/\/www.radiopresidenteibanez.cl\/web\/wp-json\/wp\/v2\/posts\/12333\/revisions"}],"wp:featuredmedia":[{"embeddable":true,"href":"https:\/\/www.radiopresidenteibanez.cl\/web\/wp-json\/wp\/v2\/media\/4520"}],"wp:attachment":[{"href":"https:\/\/www.radiopresidenteibanez.cl\/web\/wp-json\/wp\/v2\/media?parent=12333"}],"wp:term":[{"taxonomy":"category","embeddable":true,"href":"https:\/\/www.radiopresidenteibanez.cl\/web\/wp-json\/wp\/v2\/categories?post=12333"},{"taxonomy":"post_tag","embeddable":true,"href":"https:\/\/www.radiopresidenteibanez.cl\/web\/wp-json\/wp\/v2\/tags?post=12333"}],"curies":[{"name":"wp","href":"https:\/\/api.w.org\/{rel}","templated":true}]}}