{"id":12323,"date":"2020-05-31T21:22:06","date_gmt":"2020-05-31T21:22:06","guid":{"rendered":"https:\/\/www.radiopresidenteibanez.cl\/web\/?p=12323"},"modified":"2020-05-31T21:22:10","modified_gmt":"2020-05-31T21:22:10","slug":"concejal-soler-entrega-recomendaciones-a-los-vecinos-ante-la-llegada-de-las-bajas-temperaturas-la-escarcha-y-nieve-en-las-calles-de-punta-arenas","status":"publish","type":"post","link":"https:\/\/www.radiopresidenteibanez.cl\/web\/concejal-soler-entrega-recomendaciones-a-los-vecinos-ante-la-llegada-de-las-bajas-temperaturas-la-escarcha-y-nieve-en-las-calles-de-punta-arenas\/","title":{"rendered":"CONCEJAL SOLER, ENTREGA RECOMENDACIONES A LOS VECINOS ANTE LA LLEGADA DE  LAS BAJAS TEMPERATURAS, LA ESCARCHA, Y NIEVE EN LAS CALLES DE PUNTA ARENAS."},"content":{"rendered":"\n<p>&nbsp;El Concejal Alejandro Soler Gutierrez, ante la inminente llegada de las bajas temperaturas, &nbsp;la escarcha, y la nieve en la calles de Punta Aranes, tan conocidas por todos los Magall\u00e1nicos, informa que la &nbsp;Municipalidad esparcir\u00e1 Sal en la principales v\u00edas p\u00fablicas de nuestra ciudad, para dar seguridad y tranquilidad&nbsp; a todos los vecinos en su tr\u00e1nsito a pie y en veh\u00edculo. &nbsp;<\/p>\n\n\n\n<p>La Direcci\u00f3n de Operaciones y Emergencia de nuestra Municipalidad, es la encargada del esparcimiento de Sal en las principales arterias comunales, para ello divide la ciudad en 3 zonas, la Sur con 62.17 km, la zona Poniente con 44, 3 km, y zona Oriente que llega hasta Rio Seco con 60.57 km, lo que hace un total de 167,04 kil\u00f3metros de calles, de un total de 850 Km de vis que existen en la ciudad, cabe destacar que este trabajo se realiza en las calles estructurales y m\u00e1s importante de la comuna.<\/p>\n\n\n\n<p>Al d\u00eda hoy se cuenta con un stock en bodegas de 326.100 kilos de Sal para esparcir por la ciudad, existiendo adem\u00e1s un contrato de suministro vigente, para paliar el d\u00e9ficit si llegara a existir, el a\u00f1o 2019 se esparcieron&nbsp; 370 toneladas de sal.<\/p>\n\n\n\n<p>La Municipalidad posee para estos trabajos con: una Retroexcavadora, un cargador Frontal, un mini cargador, dos motoniveladoras, 3 camiones tolva, uno de estos &nbsp;industrial adquirido el a\u00f1o pasado por la suma de $33.082.000.- y 3 camionetas de perfil bajo, todo estos veh\u00edculos se encuentran en perfecto estado, &nbsp;ya que se invirtieron&nbsp; $22.585.000.- en &nbsp;su mantenci\u00f3n.<\/p>\n\n\n\n<p>Sobre la escarcha y nieve sobre las veredas, hay que partir recordando que la limpieza de las veredas del frontis de cada casa corresponde a cada vecino, es la labor de cada uno limpiar el frontis de su casa, se ruega a los vecinos no olvidar, por all\u00ed transitamos todos.<\/p>\n\n\n\n<p>Tambien la Direcci\u00f3n de Aseo y Ornato a trav\u00e9s de un contrato de concesi\u00f3n, posterior a las nevazones y bajas temperaturas, se encarga de limpiar y despejar algunas veredas, cruces de calles y espacios p\u00fablicos, &nbsp;priorizando: plaza Mu\u00f1oz Gamero, Frontis Palacio Jos\u00e9 Montes hasta la Costanera, Avenida Colon, en las esquinas con calles Bories, Chiloe, y Magallanes, cabeceras de bandejones de Avda Espa\u00f1a entre Avda Independencia y Republica, y escalera del Cerro dela Cruz.<\/p>\n\n\n\n<p>Por otro lada, &nbsp;la Direcci\u00f3n de Tr\u00e1nsito Municipal al momento de llegar la escarcha, realizar\u00e1 algunos cambios de se\u00f1ales \u00e9ticas de la comuna, estas modificaciones tienen por objetivo que los veh\u00edculos que circulan por v\u00edas cuyo dise\u00f1o vial presenta pendientes tengan derecho preferente de paso, &nbsp;&nbsp;para as\u00ed mitigar riesgos de accidente de tr\u00e1nsito, se tienen consideradas la modificaci\u00f3n de 7 intercesi\u00f3n, entre ellas las de calle Jos\u00e9 Men\u00e9ndez, y la interacci\u00f3n de calle 21 de Mayo con Avda Pedro Aguirre Cerda, entre otras.<\/p>\n\n\n\n<p>El Concejal Soler destaca y valora la labor de todos los funcionarios de la Direcci\u00f3n de Operaciones y Emergencia de nuestra Municipalidad, quienes siempre con la mejor disposici\u00f3n &nbsp;son las manos y brazos de nuestra ciudad, es de mencionar que al momento de llegar la escarcha y nieve, comenzaran su trabajo diario a las 04:30 de la ma\u00f1ana, &nbsp;haciendo un seguimiento las condiciones clim\u00e1ticas hasta las 21:00 de cada d\u00eda, lo anterior para que todos los vecinos transitemos las calle en forma segura.<\/p>\n\n\n\n<p>Por \u00faltimo, el Concejal Soler no puede dejar de reiterar&nbsp; ante la pandemia:&nbsp;Vecino, cu\u00eddese, cuide a su familia, cuide a los otros vecinos, use su mascarilla, cumpla y fiscalice la ordenanza.<\/p>\n","protected":false},"excerpt":{"rendered":"<p>&nbsp;El Concejal Alejandro Soler Gutierrez, ante la inminente llegada de las bajas temperaturas, &nbsp;la escarcha, y la nieve en la calles de Punta Aranes, tan conocidas por todos los Magall\u00e1nicos,&#8230; <a class=\"read-more\" href=\"https:\/\/www.radiopresidenteibanez.cl\/web\/concejal-soler-entrega-recomendaciones-a-los-vecinos-ante-la-llegada-de-las-bajas-temperaturas-la-escarcha-y-nieve-en-las-calles-de-punta-arenas\/\">Leer m\u00e1s<\/a><\/p>\n","protected":false},"author":2,"featured_media":10202,"comment_status":"closed","ping_status":"closed","sticky":false,"template":"","format":"standard","meta":{"footnotes":""},"categories":[1],"tags":[],"class_list":["post-12323","post","type-post","status-publish","format-standard","has-post-thumbnail","hentry","category-cronica"],"_links":{"self":[{"href":"https:\/\/www.radiopresidenteibanez.cl\/web\/wp-json\/wp\/v2\/posts\/12323","targetHints":{"allow":["GET"]}}],"collection":[{"href":"https:\/\/www.radiopresidenteibanez.cl\/web\/wp-json\/wp\/v2\/posts"}],"about":[{"href":"https:\/\/www.radiopresidenteibanez.cl\/web\/wp-json\/wp\/v2\/types\/post"}],"author":[{"embeddable":true,"href":"https:\/\/www.radiopresidenteibanez.cl\/web\/wp-json\/wp\/v2\/users\/2"}],"replies":[{"embeddable":true,"href":"https:\/\/www.radiopresidenteibanez.cl\/web\/wp-json\/wp\/v2\/comments?post=12323"}],"version-history":[{"count":0,"href":"https:\/\/www.radiopresidenteibanez.cl\/web\/wp-json\/wp\/v2\/posts\/12323\/revisions"}],"wp:featuredmedia":[{"embeddable":true,"href":"https:\/\/www.radiopresidenteibanez.cl\/web\/wp-json\/wp\/v2\/media\/10202"}],"wp:attachment":[{"href":"https:\/\/www.radiopresidenteibanez.cl\/web\/wp-json\/wp\/v2\/media?parent=12323"}],"wp:term":[{"taxonomy":"category","embeddable":true,"href":"https:\/\/www.radiopresidenteibanez.cl\/web\/wp-json\/wp\/v2\/categories?post=12323"},{"taxonomy":"post_tag","embeddable":true,"href":"https:\/\/www.radiopresidenteibanez.cl\/web\/wp-json\/wp\/v2\/tags?post=12323"}],"curies":[{"name":"wp","href":"https:\/\/api.w.org\/{rel}","templated":true}]}}